{"id":143817,"date":"2019-12-31T07:31:35","date_gmt":"2019-12-31T10:31:35","guid":{"rendered":"http:\/\/www.caririemacao.com\/1\/?p=143817"},"modified":"2019-12-31T07:31:35","modified_gmt":"2019-12-31T10:31:35","slug":"prefeitura-de-prata-realiza-pagamento-de-dezembro-aos-servidores-municipais","status":"publish","type":"post","link":"https:\/\/www.caririemacao.com\/1\/2019\/12\/31\/prefeitura-de-prata-realiza-pagamento-de-dezembro-aos-servidores-municipais\/","title":{"rendered":"Prefeitura de Prata realiza pagamento de dezembro aos servidores municipais"},"content":{"rendered":"\n<p>Nesta segunda-feira 30 de dezembro, a Prefeitura de Prata atrav\u00e9s da Secretaria Municipal de Finan\u00e7as realizou o pagamento dos vencimentos do m\u00eas de dezembro aos servidores do munic\u00edpio de todas as secretarias municipais.<\/p>\n\n\n\n<p><br>O pagamento foi realizado a todos os funcion\u00e1rios do quadro administrativo, tanto os efetivos quanto os comissionados. Os vencimentos foram depositados na conta de cada servidor.<\/p>\n\n\n\n<p><br>Mesmo em um ano de grande dificuldades financeiras em todas as prefeituras do pa\u00eds, com o pagamento desta segunda-feira a Prefeitura de Prata conclui assim o exerc\u00edcio financeiro do ano de 2019 honrando o pagamento em dia do funcionalismo municipal.<\/p>\n","protected":false},"excerpt":{"rendered":"<p>Nesta segunda-feira 30 de dezembro, a Prefeitura de Prata atrav\u00e9s da Secretaria Municipal de Finan\u00e7as realizou o pagamento dos vencimentos do m\u00eas de dezembro aos&hellip; <\/p>\n","protected":false},"author":1,"featured_media":27803,"comment_status":"closed","ping_status":"closed","sticky":false,"template":"","format":"standard","meta":{"sfsi_plus_gutenberg_text_before_share":"","sfsi_plus_gutenberg_show_text_before_share":"","sfsi_plus_gutenberg_icon_type":"","sfsi_plus_gutenberg_icon_alignemt":"","sfsi_plus_gutenburg_max_per_row":"","footnotes":""},"categories":[6],"tags":[],"class_list":["post-143817","post","type-post","status-publish","format-standard","has-post-thumbnail","hentry","category-cidades"],"_links":{"self":[{"href":"https:\/\/www.caririemacao.com\/1\/wp-json\/wp\/v2\/posts\/143817","targetHints":{"allow":["GET"]}}],"collection":[{"href":"https:\/\/www.caririemacao.com\/1\/wp-json\/wp\/v2\/posts"}],"about":[{"href":"https:\/\/www.caririemacao.com\/1\/wp-json\/wp\/v2\/types\/post"}],"author":[{"embeddable":true,"href":"https:\/\/www.caririemacao.com\/1\/wp-json\/wp\/v2\/users\/1"}],"replies":[{"embeddable":true,"href":"https:\/\/www.caririemacao.com\/1\/wp-json\/wp\/v2\/comments?post=143817"}],"version-history":[{"count":1,"href":"https:\/\/www.caririemacao.com\/1\/wp-json\/wp\/v2\/posts\/143817\/revisions"}],"predecessor-version":[{"id":143819,"href":"https:\/\/www.caririemacao.com\/1\/wp-json\/wp\/v2\/posts\/143817\/revisions\/143819"}],"wp:featuredmedia":[{"embeddable":true,"href":"https:\/\/www.caririemacao.com\/1\/wp-json\/wp\/v2\/media\/27803"}],"wp:attachment":[{"href":"https:\/\/www.caririemacao.com\/1\/wp-json\/wp\/v2\/media?parent=143817"}],"wp:term":[{"taxonomy":"category","embeddable":true,"href":"https:\/\/www.caririemacao.com\/1\/wp-json\/wp\/v2\/categories?post=143817"},{"taxonomy":"post_tag","embeddable":true,"href":"https:\/\/www.caririemacao.com\/1\/wp-json\/wp\/v2\/tags?post=143817"}],"curies":[{"name":"wp","href":"https:\/\/api.w.org\/{rel}","templated":true}]}}