{"id":143823,"date":"2019-12-31T07:37:50","date_gmt":"2019-12-31T10:37:50","guid":{"rendered":"http:\/\/www.caririemacao.com\/1\/?p=143823"},"modified":"2019-12-31T07:37:50","modified_gmt":"2019-12-31T10:37:50","slug":"prefeitura-de-monteiro-credita-gratificacao-extra-para-servidores-da-educacao","status":"publish","type":"post","link":"https:\/\/www.caririemacao.com\/1\/2019\/12\/31\/prefeitura-de-monteiro-credita-gratificacao-extra-para-servidores-da-educacao\/","title":{"rendered":"Prefeitura de Monteiro credita gratifica\u00e7\u00e3o extra para servidores da Educa\u00e7\u00e3o"},"content":{"rendered":"\n<p>A Prefeitura de Monteiro, atrav\u00e9s da Secretaria de Finan\u00e7as do munic\u00edpio, creditou nesta segunda-feira, 30, uma gratifica\u00e7\u00e3o &nbsp;extra a todos aos servidores da Secretaria de Educa\u00e7\u00e3o, recursos esses de um saldo do programa FUNDEB, conforme havia assegurado a prefeita Anna Lorena.<\/p>\n\n\n\n<p>Para o cumprimento desta a\u00e7\u00e3o, a equipe da Secretaria de Finan\u00e7as, sob o comando da secret\u00e1ria Rosilda Ferreira dedicaram todas as suas atividades voltadas para o cumprimento deste pagamento, apesar do ponto facultativo que acontece nesta segunda e ter\u00e7a-feira, 31, nas reparti\u00e7\u00f5es municipais.<\/p>\n\n\n\n<p>\u201cEstamos fechando o ano com todos os nossos compromissos rigorosamente em dia. Fizemos todos os esfor\u00e7os poss\u00edveis para ampliar esta gratifica\u00e7\u00e3o especial aos que prestam servi\u00e7os a educa\u00e7\u00e3o do nosso munic\u00edpio, &nbsp;o que podemos comparar a um D\u00e9cimo Quarto Sal\u00e1rio para esta categoria\u201d, afirmou a prefeita Anna Lorena.<\/p>\n","protected":false},"excerpt":{"rendered":"<p>A Prefeitura de Monteiro, atrav\u00e9s da Secretaria de Finan\u00e7as do munic\u00edpio, creditou nesta segunda-feira, 30, uma gratifica\u00e7\u00e3o &nbsp;extra a todos aos servidores da Secretaria de&hellip; <\/p>\n","protected":false},"author":1,"featured_media":143824,"comment_status":"closed","ping_status":"closed","sticky":false,"template":"","format":"standard","meta":{"sfsi_plus_gutenberg_text_before_share":"","sfsi_plus_gutenberg_show_text_before_share":"","sfsi_plus_gutenberg_icon_type":"","sfsi_plus_gutenberg_icon_alignemt":"","sfsi_plus_gutenburg_max_per_row":"","footnotes":""},"categories":[6],"tags":[],"class_list":["post-143823","post","type-post","status-publish","format-standard","has-post-thumbnail","hentry","category-cidades"],"_links":{"self":[{"href":"https:\/\/www.caririemacao.com\/1\/wp-json\/wp\/v2\/posts\/143823","targetHints":{"allow":["GET"]}}],"collection":[{"href":"https:\/\/www.caririemacao.com\/1\/wp-json\/wp\/v2\/posts"}],"about":[{"href":"https:\/\/www.caririemacao.com\/1\/wp-json\/wp\/v2\/types\/post"}],"author":[{"embeddable":true,"href":"https:\/\/www.caririemacao.com\/1\/wp-json\/wp\/v2\/users\/1"}],"replies":[{"embeddable":true,"href":"https:\/\/www.caririemacao.com\/1\/wp-json\/wp\/v2\/comments?post=143823"}],"version-history":[{"count":1,"href":"https:\/\/www.caririemacao.com\/1\/wp-json\/wp\/v2\/posts\/143823\/revisions"}],"predecessor-version":[{"id":143825,"href":"https:\/\/www.caririemacao.com\/1\/wp-json\/wp\/v2\/posts\/143823\/revisions\/143825"}],"wp:featuredmedia":[{"embeddable":true,"href":"https:\/\/www.caririemacao.com\/1\/wp-json\/wp\/v2\/media\/143824"}],"wp:attachment":[{"href":"https:\/\/www.caririemacao.com\/1\/wp-json\/wp\/v2\/media?parent=143823"}],"wp:term":[{"taxonomy":"category","embeddable":true,"href":"https:\/\/www.caririemacao.com\/1\/wp-json\/wp\/v2\/categories?post=143823"},{"taxonomy":"post_tag","embeddable":true,"href":"https:\/\/www.caririemacao.com\/1\/wp-json\/wp\/v2\/tags?post=143823"}],"curies":[{"name":"wp","href":"https:\/\/api.w.org\/{rel}","templated":true}]}}