{"id":143828,"date":"2019-12-31T07:40:27","date_gmt":"2019-12-31T10:40:27","guid":{"rendered":"http:\/\/www.caririemacao.com\/1\/?p=143828"},"modified":"2019-12-31T07:40:27","modified_gmt":"2019-12-31T10:40:27","slug":"prefeitura-de-sao-joao-do-tigre-realiza-pagamento-dos-funcionarios-referentes-a-dezembro","status":"publish","type":"post","link":"https:\/\/www.caririemacao.com\/1\/2019\/12\/31\/prefeitura-de-sao-joao-do-tigre-realiza-pagamento-dos-funcionarios-referentes-a-dezembro\/","title":{"rendered":"Prefeitura de S\u00e3o Jo\u00e3o do Tigre realiza pagamento dos funcion\u00e1rios referentes a Dezembro"},"content":{"rendered":"\n<p>Terminou da mesma forma como come\u00e7ou, e como era compromisso desde o princ\u00edpio.<br>A Prefeitura de S\u00e3o Jo\u00e3o do Tigre, atrav\u00e9s do\u00a0secret\u00e1rio de finan\u00e7as M\u00e1rcio Leite anunciou nesta segunda-feira (30) o pagamento da folha salarial dos servidores p\u00fablicos referente ao m\u00eas de Dezembro.<br><\/p>\n\n\n\n<p>A gest\u00e3o de C\u00e9lio Barbosa encerra o ano de 2019 com todos os sal\u00e1rios sendo pagos dentro do m\u00eas trabalhado, e muitas vezes de forma antecipada.<\/p>\n\n\n\n<p><br>Confira a mensagem de confirma\u00e7\u00e3o do secret\u00e1rio M\u00e1rcio Leite em rela\u00e7\u00e3o ao pagamento dos servidores.<\/p>\n\n\n\n<p><br>\u201c Passando pra avisar que hoje dia 30\/12, a Prefeitura Municipal de S\u00e3o Jo\u00e3o do Tigre, atrav\u00e9s da Secretaria de Finan\u00e7as realizou o dep\u00f3sito dos sal\u00e1rios de todos o servidores da edilidade referente ao m\u00eas de Dezembro encerrando mais um ano pagando os vencimentos dos nossos funcion\u00e1rios dentro do m\u00eas trabalhado\u201d, disse M\u00e1rcio.<\/p>\n\n\n\n<p><br>\u201cAproveito para desejar um feliz ano novo e um 2020 repleto de prosperidade e realiza\u00e7\u00f5es para todos\u201d, concluiu.<strong><br><\/strong><\/p>\n\n\n\n<p><strong>F\u00c1BIO BRITO<\/strong><\/p>\n\n\n\n<p><\/p>\n","protected":false},"excerpt":{"rendered":"<p>Terminou da mesma forma como come\u00e7ou, e como era compromisso desde o princ\u00edpio.A Prefeitura de S\u00e3o Jo\u00e3o do Tigre, atrav\u00e9s do\u00a0secret\u00e1rio de finan\u00e7as M\u00e1rcio Leite&hellip; <\/p>\n","protected":false},"author":1,"featured_media":27439,"comment_status":"closed","ping_status":"closed","sticky":false,"template":"","format":"standard","meta":{"sfsi_plus_gutenberg_text_before_share":"","sfsi_plus_gutenberg_show_text_before_share":"","sfsi_plus_gutenberg_icon_type":"","sfsi_plus_gutenberg_icon_alignemt":"","sfsi_plus_gutenburg_max_per_row":"","footnotes":""},"categories":[6],"tags":[],"class_list":["post-143828","post","type-post","status-publish","format-standard","has-post-thumbnail","hentry","category-cidades"],"_links":{"self":[{"href":"https:\/\/www.caririemacao.com\/1\/wp-json\/wp\/v2\/posts\/143828","targetHints":{"allow":["GET"]}}],"collection":[{"href":"https:\/\/www.caririemacao.com\/1\/wp-json\/wp\/v2\/posts"}],"about":[{"href":"https:\/\/www.caririemacao.com\/1\/wp-json\/wp\/v2\/types\/post"}],"author":[{"embeddable":true,"href":"https:\/\/www.caririemacao.com\/1\/wp-json\/wp\/v2\/users\/1"}],"replies":[{"embeddable":true,"href":"https:\/\/www.caririemacao.com\/1\/wp-json\/wp\/v2\/comments?post=143828"}],"version-history":[{"count":1,"href":"https:\/\/www.caririemacao.com\/1\/wp-json\/wp\/v2\/posts\/143828\/revisions"}],"predecessor-version":[{"id":143829,"href":"https:\/\/www.caririemacao.com\/1\/wp-json\/wp\/v2\/posts\/143828\/revisions\/143829"}],"wp:featuredmedia":[{"embeddable":true,"href":"https:\/\/www.caririemacao.com\/1\/wp-json\/wp\/v2\/media\/27439"}],"wp:attachment":[{"href":"https:\/\/www.caririemacao.com\/1\/wp-json\/wp\/v2\/media?parent=143828"}],"wp:term":[{"taxonomy":"category","embeddable":true,"href":"https:\/\/www.caririemacao.com\/1\/wp-json\/wp\/v2\/categories?post=143828"},{"taxonomy":"post_tag","embeddable":true,"href":"https:\/\/www.caririemacao.com\/1\/wp-json\/wp\/v2\/tags?post=143828"}],"curies":[{"name":"wp","href":"https:\/\/api.w.org\/{rel}","templated":true}]}}