{"id":143832,"date":"2019-12-31T07:42:52","date_gmt":"2019-12-31T10:42:52","guid":{"rendered":"http:\/\/www.caririemacao.com\/1\/?p=143832"},"modified":"2019-12-31T07:42:52","modified_gmt":"2019-12-31T10:42:52","slug":"prefeito-inacio-nobrega-assina-convenios-para-realizacao-de-varias-obras-em-amparo","status":"publish","type":"post","link":"https:\/\/www.caririemacao.com\/1\/2019\/12\/31\/prefeito-inacio-nobrega-assina-convenios-para-realizacao-de-varias-obras-em-amparo\/","title":{"rendered":"Prefeito In\u00e1cio N\u00f3brega assina Conv\u00eanios para realiza\u00e7\u00e3o de v\u00e1rias obras em Amparo"},"content":{"rendered":"\n<p>O Prefeito In\u00e1cio N\u00f3brega esteve em Jo\u00e3o&nbsp; nessa Pessoa assinando segunda-feira (30), v\u00e1rios conv\u00eanios para realiza\u00e7\u00e3o de diversas obras em nosso munic\u00edpio.&nbsp;<\/p>\n\n\n\n<p>O prefeito assinou um conv\u00eanio com a Caixa para pavimenta\u00e7\u00e3o, conv\u00eanio esse de 525 mil reais mais 286 mil reais para uma via de acesso ao cemit\u00e9rio e ilumina\u00e7\u00e3o da PB-248 do portal da cidade at\u00e9 o futuro Gin\u00e1sio que ser\u00e1 constru\u00eddo pr\u00f3ximo ao matadouro. Recursos juntos ao Governo Federal.<\/p>\n\n\n\n<p>Tendo ainda,&nbsp;890 mil reais para aquisi\u00e7\u00e3o de Equipamentos de Sa\u00fade e 49.990 mil reais em custeio para Educa\u00e7\u00e3o tamb\u00e9m atrav\u00e9s do Governo Federal.<\/p>\n\n\n\n<p>O prefeito assinou tamb\u00e9m um conv\u00eanio com o Governo do Estado, para o projeto da nova Escola no valor de 900 mil reais, confirmando a parceria entre o prefeito In\u00e1cio e o Governador Jo\u00e3o Azevedo.<br><\/p>\n\n\n\n<figure class=\"wp-block-image\"><a href=\"https:\/\/1.bp.blogspot.com\/-d7ZC_aBcBus\/Xgpq4PxiCuI\/AAAAAAABHeg\/9Y5cFp0icjA66cGH4zhY6oEbHT2o00tOQCLcBGAsYHQ\/s1600\/0202.jpeg\"><img decoding=\"async\" data-src=\"https:\/\/1.bp.blogspot.com\/-d7ZC_aBcBus\/Xgpq4PxiCuI\/AAAAAAABHeg\/9Y5cFp0icjA66cGH4zhY6oEbHT2o00tOQCLcBGAsYHQ\/s640\/0202.jpeg\" alt=\"\" src=\"data:image\/svg+xml;base64,PHN2ZyB3aWR0aD0iMSIgaGVpZ2h0PSIxIiB4bWxucz0iaHR0cDovL3d3dy53My5vcmcvMjAwMC9zdmciPjwvc3ZnPg==\" class=\"lazyload\" \/><\/a><\/figure>\n\n\n\n<p>Al\u00e9m desses valores, a prefeitura tamb\u00e9m contar\u00e1 com 200 mil reais de uma emenda parlamentar do Deputado Estadual Genival Matias para investimentos em infraestrutura.<\/p>\n\n\n\n<p>Todos esses recursos j\u00e1 foram empenhados e 2020 ser\u00e1 um grande ano para nossa cidade.<br><\/p>\n\n\n\n<p>Amparo Ligado<\/p>\n","protected":false},"excerpt":{"rendered":"<p>O Prefeito In\u00e1cio N\u00f3brega esteve em Jo\u00e3o&nbsp; nessa Pessoa assinando segunda-feira (30), v\u00e1rios conv\u00eanios para realiza\u00e7\u00e3o de diversas obras em nosso munic\u00edpio.&nbsp; O prefeito assinou&hellip; <\/p>\n","protected":false},"author":1,"featured_media":143833,"comment_status":"closed","ping_status":"closed","sticky":false,"template":"","format":"standard","meta":{"sfsi_plus_gutenberg_text_before_share":"","sfsi_plus_gutenberg_show_text_before_share":"","sfsi_plus_gutenberg_icon_type":"","sfsi_plus_gutenberg_icon_alignemt":"","sfsi_plus_gutenburg_max_per_row":"","footnotes":""},"categories":[2],"tags":[],"class_list":["post-143832","post","type-post","status-publish","format-standard","has-post-thumbnail","hentry","category-geral"],"_links":{"self":[{"href":"https:\/\/www.caririemacao.com\/1\/wp-json\/wp\/v2\/posts\/143832","targetHints":{"allow":["GET"]}}],"collection":[{"href":"https:\/\/www.caririemacao.com\/1\/wp-json\/wp\/v2\/posts"}],"about":[{"href":"https:\/\/www.caririemacao.com\/1\/wp-json\/wp\/v2\/types\/post"}],"author":[{"embeddable":true,"href":"https:\/\/www.caririemacao.com\/1\/wp-json\/wp\/v2\/users\/1"}],"replies":[{"embeddable":true,"href":"https:\/\/www.caririemacao.com\/1\/wp-json\/wp\/v2\/comments?post=143832"}],"version-history":[{"count":1,"href":"https:\/\/www.caririemacao.com\/1\/wp-json\/wp\/v2\/posts\/143832\/revisions"}],"predecessor-version":[{"id":143834,"href":"https:\/\/www.caririemacao.com\/1\/wp-json\/wp\/v2\/posts\/143832\/revisions\/143834"}],"wp:featuredmedia":[{"embeddable":true,"href":"https:\/\/www.caririemacao.com\/1\/wp-json\/wp\/v2\/media\/143833"}],"wp:attachment":[{"href":"https:\/\/www.caririemacao.com\/1\/wp-json\/wp\/v2\/media?parent=143832"}],"wp:term":[{"taxonomy":"category","embeddable":true,"href":"https:\/\/www.caririemacao.com\/1\/wp-json\/wp\/v2\/categories?post=143832"},{"taxonomy":"post_tag","embeddable":true,"href":"https:\/\/www.caririemacao.com\/1\/wp-json\/wp\/v2\/tags?post=143832"}],"curies":[{"name":"wp","href":"https:\/\/api.w.org\/{rel}","templated":true}]}}