{"id":143868,"date":"2019-12-31T08:08:44","date_gmt":"2019-12-31T11:08:44","guid":{"rendered":"http:\/\/www.caririemacao.com\/1\/?p=143868"},"modified":"2019-12-31T08:08:44","modified_gmt":"2019-12-31T11:08:44","slug":"apos-criticas-bolsonaro-antecipa-volta-para-brasilia-para-passar-reveillon-com-michelle","status":"publish","type":"post","link":"https:\/\/www.caririemacao.com\/1\/2019\/12\/31\/apos-criticas-bolsonaro-antecipa-volta-para-brasilia-para-passar-reveillon-com-michelle\/","title":{"rendered":"Ap\u00f3s cr\u00edticas, Bolsonaro antecipa volta para Bras\u00edlia para passar r\u00e9veillon com Michelle"},"content":{"rendered":"\n<p>Bolsonaro chegou \u00e0 Base Naval de Aratu, na Bahia, na sexta-feira (27) acompanhado da filha Laura e de uma comitiva presidencial e pretendia ficar 10 dias descansando.<\/p>\n\n\n\n<p>Criticado por deixar a esposa passar o r\u00e9veillon e fazer uma cirurgia enquanto viajava de f\u00e9rias, Jair Bolsonaro vai antecipar a volta para Bras\u00edlia para passar a festa de virada do ano ao lado de Michelle Bolsonaro. A informa\u00e7\u00e3o foi divulgada nesta segunda-feira (30) pelo portal R7, da Rede Record.<\/p>\n\n\n\n<p>Segundo a reportagem, Bolsonaro devem deixar a base Naval de Aratu, na regi\u00e3o metropolitana de Salvador, na Bahia, nesta ter\u00e7a-feira (31), com destino \u00e0 capital federal.<\/p>\n\n\n\n<p>Bolsonaro chegou \u00e0 regi\u00e3o na sexta-feira (27) acompanhado da filha Laura e de uma comitiva presidencial e pretendia ficar 10 dias descansando.<\/p>\n","protected":false},"excerpt":{"rendered":"<p>Bolsonaro chegou \u00e0 Base Naval de Aratu, na Bahia, na sexta-feira (27) acompanhado da filha Laura e de uma comitiva presidencial e pretendia ficar 10&hellip; <\/p>\n","protected":false},"author":1,"featured_media":143870,"comment_status":"closed","ping_status":"closed","sticky":false,"template":"","format":"standard","meta":{"sfsi_plus_gutenberg_text_before_share":"","sfsi_plus_gutenberg_show_text_before_share":"","sfsi_plus_gutenberg_icon_type":"","sfsi_plus_gutenberg_icon_alignemt":"","sfsi_plus_gutenburg_max_per_row":"","footnotes":""},"categories":[11],"tags":[],"class_list":["post-143868","post","type-post","status-publish","format-standard","has-post-thumbnail","hentry","category-politica"],"_links":{"self":[{"href":"https:\/\/www.caririemacao.com\/1\/wp-json\/wp\/v2\/posts\/143868","targetHints":{"allow":["GET"]}}],"collection":[{"href":"https:\/\/www.caririemacao.com\/1\/wp-json\/wp\/v2\/posts"}],"about":[{"href":"https:\/\/www.caririemacao.com\/1\/wp-json\/wp\/v2\/types\/post"}],"author":[{"embeddable":true,"href":"https:\/\/www.caririemacao.com\/1\/wp-json\/wp\/v2\/users\/1"}],"replies":[{"embeddable":true,"href":"https:\/\/www.caririemacao.com\/1\/wp-json\/wp\/v2\/comments?post=143868"}],"version-history":[{"count":1,"href":"https:\/\/www.caririemacao.com\/1\/wp-json\/wp\/v2\/posts\/143868\/revisions"}],"predecessor-version":[{"id":143871,"href":"https:\/\/www.caririemacao.com\/1\/wp-json\/wp\/v2\/posts\/143868\/revisions\/143871"}],"wp:featuredmedia":[{"embeddable":true,"href":"https:\/\/www.caririemacao.com\/1\/wp-json\/wp\/v2\/media\/143870"}],"wp:attachment":[{"href":"https:\/\/www.caririemacao.com\/1\/wp-json\/wp\/v2\/media?parent=143868"}],"wp:term":[{"taxonomy":"category","embeddable":true,"href":"https:\/\/www.caririemacao.com\/1\/wp-json\/wp\/v2\/categories?post=143868"},{"taxonomy":"post_tag","embeddable":true,"href":"https:\/\/www.caririemacao.com\/1\/wp-json\/wp\/v2\/tags?post=143868"}],"curies":[{"name":"wp","href":"https:\/\/api.w.org\/{rel}","templated":true}]}}