{"id":143899,"date":"2019-12-31T08:22:49","date_gmt":"2019-12-31T11:22:49","guid":{"rendered":"http:\/\/www.caririemacao.com\/1\/?p=143899"},"modified":"2019-12-31T08:22:49","modified_gmt":"2019-12-31T11:22:49","slug":"educacao-financeira-chega-ao-ensino-infantil-e-fundamental-em-2020-2","status":"publish","type":"post","link":"https:\/\/www.caririemacao.com\/1\/2019\/12\/31\/educacao-financeira-chega-ao-ensino-infantil-e-fundamental-em-2020-2\/","title":{"rendered":"Educa\u00e7\u00e3o financeira chega ao ensino infantil e fundamental em 2020"},"content":{"rendered":"\n<p>Antonia, auxiliar de escrit\u00f3rio, todos os dias compra uma balinha ou um chocolate, no ponto de \u00f4nibus, na volta do trabalho, que custa R$ 0,50. &#8220;Eu n\u00e3o dava import\u00e2ncia para aquele gasto. Imagina, R$ 0,50 n\u00e3o \u00e9 nada! Mas eu nunca consegui economizar um centavo\u201d. Fazendo as contas, esses centavos viram R$ 11 em um m\u00eas e R$ 132 em um ano.<\/p>\n\n\n\n<p>S\u00e3o situa\u00e7\u00f5es como esta, retirada de&nbsp;<a href=\"http:\/\/www.vidaedinheiro.gov.br\/para-criancas-e-jovens\/\" target=\"_blank\" rel=\"noreferrer noopener\">livro did\u00e1tico dispon\u00edvel online<\/a>, que ensinam estudantes de escolas em v\u00e1rias parte do pa\u00eds a terem consci\u00eancia dos pr\u00f3prios gastos e a ajudar a fam\u00edlia a lidar com as finan\u00e7as. A chamada educa\u00e7\u00e3o financeira, cuja oferta hoje depende da estrutura de cada rede de ensino passa a ser direito de todos os brasileiros, previsto na chamada Base Nacional Comum Curricular (BNCC).<\/p>\n\n\n\n<p>\u201c\u00c9 uma grande oportunidade, uma grande conquista para a comunidade escolar do pa\u00eds\u201d, diz a superintendente da Associa\u00e7\u00e3o de Educa\u00e7\u00e3o Financeira do Brasil (AEF-Brasil), Claudia Forte. \u201cA educa\u00e7\u00e3o financeira busca a modifica\u00e7\u00e3o do comportamento das pessoas, desde pequeninas, quando ensina a escovar os dentes e fechar a torneira para poupar \u00e1gua e economizar. Isso \u00e9 preceito de educa\u00e7\u00e3o financeira\u201d.<\/p>\n\n\n\n<figure class=\"wp-block-image\"><img decoding=\"async\" data-src=\"http:\/\/imagens.ebc.com.br\/EKox81uMdDFVlHLFSRlN9TOGBSw=\/754x0\/smart\/http:\/\/agenciabrasil.ebc.com.br\/sites\/default\/files\/atoms\/image\/arquivo_escola.jpg?itok=FYtQtEJR\" alt=\"Crian\u00e7as da educa\u00e7\u00e3o infantil em sala de aula \" src=\"data:image\/svg+xml;base64,PHN2ZyB3aWR0aD0iMSIgaGVpZ2h0PSIxIiB4bWxucz0iaHR0cDovL3d3dy53My5vcmcvMjAwMC9zdmciPjwvc3ZnPg==\" class=\"lazyload\" \/><\/figure>\n\n\n\n<p>Educa\u00e7\u00e3o financeira ser\u00e1 ensinada para estudantes do ensino infantil j\u00e1 em 2020-&nbsp;<strong>Arquivo\/ Ag\u00eancia Brasil<\/strong><\/p>\n\n\n\n<p>A BNCC \u00e9 um documento que prev\u00ea o m\u00ednimo que deve ser ensinado nas escolas, desde a educa\u00e7\u00e3o infantil at\u00e9 o ensino m\u00e9dio. Educa\u00e7\u00e3o financeira deve, pela BNCC, ser abordada de forma transversal pelas escolas, ou seja, nas v\u00e1rias aulas e projetos. Parecer do Conselho Nacional de Educa\u00e7\u00e3o (CNE), homologado pelo Minist\u00e9rio da Educa\u00e7\u00e3o (MEC), prev\u00ea que as redes de ensino adequem os curr\u00edculos da educa\u00e7\u00e3o infantil e fundamental, incluindo esta e outras compet\u00eancias no ensino, at\u00e9 2020.<\/p>\n\n\n\n<p>A educa\u00e7\u00e3o financeira nas escolas traz resultados, de acordo com a AEF-Brasil. Pesquisa feita em parceria com Serasa Consumidor e Serasa Experian, este ano, mostra que um a cada tr\u00eas estudantes afirmou ter aprendido a import\u00e2ncia de poupar dinheiro depois de participar de projetos de educa\u00e7\u00e3o financeira. Outros 24% passaram a conversar com os pais sobre educa\u00e7\u00e3o financeira e 21% aprenderam mais sobre como usar melhor o dinheiro.<\/p>\n\n\n\n<h2 class=\"wp-block-heading\">Sonho do restaurante pr\u00f3prio<\/h2>\n\n\n\n<p>\u00c9 com o que aprendeu em sala de aula aos 16 anos que Adria Cristina da Costa, hoje com 18 anos, pretende ter o pr\u00f3prio restaurante. \u201cFoi fundamental para entender que n\u00e3o \u00e9 s\u00f3 gastar e curtir, mas \u00e9 preciso pensar em si mesmo, pensar que o dinheiro vai ser necess\u00e1rio um dia\u201d, diz.<\/p>\n\n\n\n<p>Depois da forma\u00e7\u00e3o, Adria conta que deixou de gastar apenas com roupas, sapatos, bolsas e artigos para a casa os R$ 80 que ganhava como bab\u00e1 e come\u00e7ou a guardar um pouco todo m\u00eas. Com o que poupava, comprava salgados, que vendia a R$ 2 com suco. Logo, os R$ 80 por m\u00eas, transformaram-se em R$ 100 por dia. \u201cQuando eu tinha 16, 17 anos, eu queria ter o meu pr\u00f3prio restaurante. Ainda n\u00e3o consegui, mas, agora, em 2020, pretendo ter meu pr\u00f3prio neg\u00f3cio\u201d.<\/p>\n\n\n\n<p>Ela tamb\u00e9m mudou os h\u00e1bitos da casa. \u201cMeus pais trabalham muito e n\u00e3o t\u00eam tempo de analisar os gastos. Comecei a ajud\u00e1-los com os custos de energia, a tirar os aparelhos da tomada. Come\u00e7amos a nos reunir para fazer uma lista do que \u00e9 necess\u00e1rio comprar para chegar nas lojas e j\u00e1 saber o que levar e o custo disso\u201d.<\/p>\n\n\n\n<p>Adria foi aluna de Mari\u00e1 de Nazar\u00e9 Concei\u00e7\u00e3o Sena, pedagoga e soci\u00f3loga, que desde 2015 desenvolve projetos de educa\u00e7\u00e3o financeira com os estudantes das escolas que leciona, no Amazonas. O primeiro foi na Escola Municipal Maria Madalena Corr\u00eaa, a estudantes do ensino fundamental e, o segundo, na Escola Estadual Professora Adelaide Tavares de Macedo, para o ensino m\u00e9dio, onde Adria estudou. Ambas s\u00e3o escolas em Manaus (AM).<\/p>\n\n\n\n<p>\u201cA educa\u00e7\u00e3o financeira est\u00e1 entre os temas que s\u00e3o de suma import\u00e2ncia para o ser humano e que precisam ser desenvolvidos o quanto antes. Crian\u00e7as t\u00eam possibilidade de mudan\u00e7a mais r\u00e1pida e aceitam mais que os adultos\u201d, diz a professora que agora mora em Presidente Figueiredo, onde pretende tamb\u00e9m desenvolver projetos de educa\u00e7\u00e3o financeira.<\/p>\n\n\n\n<p>Segundo a professora, o lidar conscientemente com o dinheiro est\u00e1 relacionado tamb\u00e9m com o cuidado com a sa\u00fade e com a preserva\u00e7\u00e3o do meio ambiente. \u201cEst\u00e1 relacionado com a alimenta\u00e7\u00e3o saud\u00e1vel. Vou comprar produtos mais naturais ou industrializados? Est\u00e1 tamb\u00e9m relacionado ao ac\u00famulo de lixo. Preciso mudar de celular todos os anos? Tenho essa necessidade? Qual o lugar para o descarte adequado de materiais obsoletos? [A educa\u00e7\u00e3o financeira] ensina a n\u00e3o ser consumista, mas sim consumidor\u201d.<\/p>\n\n\n\n<h2 class=\"wp-block-heading\">Desafios<\/h2>\n\n\n\n<p>Levar a educa\u00e7\u00e3o financeira para todas as escolas envolve, no entanto, uma s\u00e9rie de desafios, que v\u00e3o desde a forma\u00e7\u00e3o de professores, a oferta de material did\u00e1tico adequado e mesmo a garantia de tempo para que os professores se dediquem ao preparo das aulas. \u201cA gente n\u00e3o tem tempo livre para trabalhar projeto nenhum, tem que desenvolver projetos como este na cara e na coragem\u201d, conta Mari\u00e1.<\/p>\n\n\n\n<p>De acordo com o presidente da Uni\u00e3o dos Dirigentes Municipais de Educa\u00e7\u00e3o (Undime), Luiz Miguel Garcia, os munic\u00edpios, que s\u00e3o os respons\u00e1veis pela maior parte das matr\u00edculas p\u00fablicas no ensino infantil e fundamental, focar\u00e3o, em 2020, na forma\u00e7\u00e3o dos docentes, para que eles possam levar para as salas de aula n\u00e3o apenas educa\u00e7\u00e3o financeira, mas outras compet\u00eancias previstas na BNCC.<\/p>\n\n\n\n<p>\u201cTivemos um grande foco na constru\u00e7\u00e3o dos curr\u00edculos e, agora, neste ano, [em 2020], entramos no processo de forma\u00e7\u00e3o. Educa\u00e7\u00e3o financeira, inclus\u00e3o, educa\u00e7\u00e3o&nbsp; socioemocional, todos esses elementos v\u00e3o chegar de fato na sala de aula a partir da discuss\u00e3o que fizermos agora\u201d, diz. Segundo ele, a implementa\u00e7\u00e3o ser\u00e1 concomitante \u00e0 forma\u00e7\u00e3o, j\u00e1 em 2020.<\/p>\n\n\n\n<p>De acordo com Garcia, n\u00e3o h\u00e1 um levantamento de quantos munic\u00edpios j\u00e1 contam com esse ensino. \u201cN\u00e3o existe uma orienta\u00e7\u00e3o geral com rela\u00e7\u00e3o a isso. S\u00e3o iniciativas locais. N\u00e3o tenho como quantificar, mas n\u00e3o \u00e9 algo absolutamente novo\u201d, diz.<\/p>\n\n\n\n<h2 class=\"wp-block-heading\">Ensinar a escolher<\/h2>\n\n\n\n<p>A educa\u00e7\u00e3o financeira \u00e9 pauta no Brasil antes mesmo da BNCC. Em 2010 foi institu\u00edda, por exemplo, a Estrat\u00e9gia Nacional de Educa\u00e7\u00e3o Financeira (Enef), com o objetivo de promover a\u00e7\u00f5es de educa\u00e7\u00e3o financeira no Brasil. Na p\u00e1gina&nbsp;<a href=\"http:\/\/www.vidaedinheiro.gov.br\/\" target=\"_blank\" rel=\"noreferrer noopener\">Vida e Dinheiro<\/a>, da entidade, est\u00e3o dipon\u00edveis livros did\u00e1ticos que podem ser baixados gratuitamente e outros materiais informativos para jovens e para adultos.<\/p>\n\n\n\n<p>As a\u00e7\u00f5es da Enef s\u00e3o coordenadas pela AEF-Brasil. Claudia explica que a AEF-Brasil foi convocada pelo Minist\u00e9rio da Educa\u00e7\u00e3o (MEC) para disponibilizar materiais e cursos para preparar os professores e, com isso, viabilizar a implementa\u00e7\u00e3o da educa\u00e7\u00e3o financeira nas escolas.<\/p>\n\n\n\n<p>As avalia\u00e7\u00f5es mostram que o Brasil ainda precisa avan\u00e7ar. No Programa Internacional de Avalia\u00e7\u00e3o de Estudantes (Pisa) 2015, o Brasil ficou em \u00faltimo lugar em um ranking de 15 pa\u00edses em compet\u00eancia financeira. O Pisa oferece avalia\u00e7\u00e3o em compet\u00eancia financeira de forma optativa aos pa\u00edses integrantes do programa. O resultado da \u00faltima avalia\u00e7\u00e3o dessa compet\u00eancia, aplicada em 2018, ainda n\u00e3o foi divulgado.<\/p>\n\n\n\n<p>Os resultados dispon\u00edveis mostram que a maioria dos estudantes brasileiros obteve desempenho abaixo do adequado e n\u00e3o conseguem, por exemplo, tomar decis\u00f5es em contextos que s\u00e3o relevantes para eles, reconhecer o valor de uma simples despesa ou interpretar documentos financeiros cotidianos.&nbsp;<\/p>\n","protected":false},"excerpt":{"rendered":"<p>Antonia, auxiliar de escrit\u00f3rio, todos os dias compra uma balinha ou um chocolate, no ponto de \u00f4nibus, na volta do trabalho, que custa R$ 0,50.&hellip; <\/p>\n","protected":false},"author":1,"featured_media":143900,"comment_status":"closed","ping_status":"closed","sticky":false,"template":"","format":"standard","meta":{"sfsi_plus_gutenberg_text_before_share":"","sfsi_plus_gutenberg_show_text_before_share":"","sfsi_plus_gutenberg_icon_type":"","sfsi_plus_gutenberg_icon_alignemt":"","sfsi_plus_gutenburg_max_per_row":"","footnotes":""},"categories":[14],"tags":[],"class_list":["post-143899","post","type-post","status-publish","format-standard","has-post-thumbnail","hentry","category-educacao"],"_links":{"self":[{"href":"https:\/\/www.caririemacao.com\/1\/wp-json\/wp\/v2\/posts\/143899","targetHints":{"allow":["GET"]}}],"collection":[{"href":"https:\/\/www.caririemacao.com\/1\/wp-json\/wp\/v2\/posts"}],"about":[{"href":"https:\/\/www.caririemacao.com\/1\/wp-json\/wp\/v2\/types\/post"}],"author":[{"embeddable":true,"href":"https:\/\/www.caririemacao.com\/1\/wp-json\/wp\/v2\/users\/1"}],"replies":[{"embeddable":true,"href":"https:\/\/www.caririemacao.com\/1\/wp-json\/wp\/v2\/comments?post=143899"}],"version-history":[{"count":1,"href":"https:\/\/www.caririemacao.com\/1\/wp-json\/wp\/v2\/posts\/143899\/revisions"}],"predecessor-version":[{"id":143901,"href":"https:\/\/www.caririemacao.com\/1\/wp-json\/wp\/v2\/posts\/143899\/revisions\/143901"}],"wp:featuredmedia":[{"embeddable":true,"href":"https:\/\/www.caririemacao.com\/1\/wp-json\/wp\/v2\/media\/143900"}],"wp:attachment":[{"href":"https:\/\/www.caririemacao.com\/1\/wp-json\/wp\/v2\/media?parent=143899"}],"wp:term":[{"taxonomy":"category","embeddable":true,"href":"https:\/\/www.caririemacao.com\/1\/wp-json\/wp\/v2\/categories?post=143899"},{"taxonomy":"post_tag","embeddable":true,"href":"https:\/\/www.caririemacao.com\/1\/wp-json\/wp\/v2\/tags?post=143899"}],"curies":[{"name":"wp","href":"https:\/\/api.w.org\/{rel}","templated":true}]}}