{"id":143905,"date":"2019-12-31T08:31:25","date_gmt":"2019-12-31T11:31:25","guid":{"rendered":"http:\/\/www.caririemacao.com\/1\/?p=143905"},"modified":"2019-12-31T08:31:25","modified_gmt":"2019-12-31T11:31:25","slug":"resultado-preliminar-do-processo-seletivo-18-contratacao-tecnico-de-enfermagem-e-medico","status":"publish","type":"post","link":"https:\/\/www.caririemacao.com\/1\/2019\/12\/31\/resultado-preliminar-do-processo-seletivo-18-contratacao-tecnico-de-enfermagem-e-medico\/","title":{"rendered":"Resultado Preliminar do Processo Seletivo 18 contrata\u00e7\u00e3o t\u00e9cnico de enfermagem e m\u00e9dico"},"content":{"rendered":"\n<p>A Comiss\u00e3o Organizadora de Realiza\u00e7\u00e3o, Fiscaliza\u00e7\u00e3o e Acompanhamento do Processo Seletivo Simplificado, nomeada atrav\u00e9s da Portaria n\u00ba 5.953\/2019, com vistas \u00e0 contrata\u00e7\u00e3o por tempo determinado de 02 VAGAS PARA M\u00c9DICO CL\u00cdNICO GERAL (PLANTONISTA) e forma\u00e7\u00e3o de CADASTRO DE RESERVA PARA O CARGO DE T\u00c9CNICO DE ENFERMAGEM para o Hospital e Maternidade Alice de Almeida \u2013 HMAA, para atender \u00e0s necessidades de excepcional interesse p\u00fablico do Munic\u00edpio de Sum\u00e9, Estado da Para\u00edba, conforme previsto no artigo 5.1 do edital n\u00ba 01\/2019, torna p\u00fablico o RESULTADO PRELIMINAR DO PROCESSO SELETIVO SIMPLIFICADO N\u00ba 18\/2019, conforme descriminado abaixo:<\/p>\n\n\n\n<p>M\u00c9DICO CL\u00cdNICO GERAL (PLANTONISTA)<br>Inscri\u00e7\u00e3o n\u00ba Candidato Pontua\u00e7\u00e3o Unit\u00e1ria Pontua\u00e7\u00e3o Total Posi\u00e7\u00e3o Situa\u00e7\u00e3o<br>Requisitos m\u00ednimos Forma\u00e7\u00e3o Acad\u00eamica Experi\u00eancia Profissional Cursos de Aperfei\u00e7oamento<br>01\/2019 Matheus Pedroso Cavalcanti de Souza 2,0 0,0 0,0 0,0 2,0 1\u00aa Aprovado<\/p>\n\n\n\n<p>T\u00c9CNICO DE ENFERMAGEM<\/p>\n\n\n\n<p>N\u00famero Inscri\u00e7\u00e3o NOME DO CANDIDTO DATA DE NASCIMENTO PONTUA\u00c7\u00c3O UNIT\u00c1RIA PONTUA\u00c7\u00c3O TOTAL POSI\u00c7\u00c3O SITUA\u00c7\u00c3O<br>Gragua\u00e7\u00e3o Enfermagem Curso de Aperfei\u00e7omento (min. 80hs) Curso de Aperfei\u00e7omento (min. 8h) Experi\u00eancia Profissional<br>06\/2019 Joelma Soares Silva 10\/04\/1986 0,00 3,00 2,00 3,00 8,00 1\u00aa Classificado<br>24\/2019 Maria Rozilene de Farias Santos 30\/03\/1965 0,00 1,50 1,25 3,00 5,75 2\u00aa Classificado<br>07\/2019 Josefa da silva Feitosa 17\/01\/1987 0,00 2,00 0,50 3,00 5,50 3\u00aa Classificado<br>15\/2019 Maria Z\u00e9lia da Silva Barboza 04\/01\/1964 0,00 2,00 0,25 3,00 5,25 4\u00aa Classificado<br>12\/2019 Thallita Monnyky Florencio da Silva Chaves 25\/10\/1988 0,00 1,50 0,75 3,00 5,25 5\u00aa Classificado<br>40\/2019 Fabiana Aires da Silva 05\/07\/1983 0,00 1,50 0,50 3,00 5,00 6\u00aa Classificado<br>18\/2019 Maria Apolonia do Nascimento Pereira 20\/07\/1985 0,00 1,50 0,50 3,00 5,00 7\u00aa Classificado<br>34\/2019 Jussandra Tavares de Lima C\u00e2ndido 20\/12\/1982 0,00 1,00 0,75 3,00 4,75 8\u00aa Classificado<br>25\/2019 Ivoneide da Silva Feitosa Gouveia 10\/11\/1983 0,00 1,00 0,50 3,00 4,75 9\u00aa Classificado<br>47\/2019 Vilma Maria Ramos de Oliveira 28\/02\/1984 0,00 1,50 0,25 3,00 4,75 10\u00aa Classificado<br>04\/2019 Erika Danielle de Lima Sousa 05\/07\/1986 0,00 1,00 0,75 3,00 4,75 11\u00aa Classificado<br>11\/2019 Elenice da Silva Brito 02\/08\/1972 0,00 1,00 0,50 3,00 4,50 12\u00aa Classificado<br>17\/2019 Suzana Alves de Ara\u00fajo Evangelista 23\/01\/1978 0,00 0,50 1,00 3,00 4,50 13\u00aa Classificado<br>03\/2019 Marcia de Lima Soares 22\/11\/1980 0,00 1,50 0,00 3,00 4,50 14\u00aa Classificado<br>31\/2019 Elidiana da Silva 05\/05\/1981 0,00 1,50 0,00 3,00 4,50 15\u00aa Classificado<br>28\/2019 Reginalda Valerai Costa Barboza de Souza 19\/02\/1985 0,00 0,50 1,00 3,00 4,50 16\u00aa Classificado<br>23\/2019 Lindiclea Balbino de Souza 11\/05\/1980 0,00 0,50 0,75 3,00 4,25 17\u00aa Classificado<br>56\/2019 Ligida Maria Gomes Raposo 19\/11\/1973 0,00 0,00 1,00 3,00 4,00 18\u00aa Classificado<br>29\/2019 Jos\u00e9 Euclides da Silva Neto 26\/05\/1982 0,00 1,00 0,00 3,00 4,00 19\u00aa Classificado<br>55\/2019 Amanda Carla Batista do Nascimento 28\/09\/1986 0,00 1,00 0,00 3,00 4,00 20\u00aa Classificado<br>30\/2019 Luciana Alves Bezerra 22\/09\/1987 0,00 0,50 0,50 3,00 4,00 21\u00aa Classificado<br>32\/2019 Naiana Mayara Rodrigues Macedo Amorim 11\/09\/1988 0,00 0,50 0,50 3,00 4,00 22\u00aa Classificado<br>13\/2019 Maria da Paz Sousa Barros 12\/07\/1962 0,00 0,50 0,25 3,00 3,75 23\u00aa Classificado<br>16\/2019 Elissandro Duarte Guimar\u00e3es 12\/02\/1976 0,00 0,00 0,75 3,00 3,75 24\u00aa Classificado<br>22\/2019 Leia Cassia Alves Pereira 30\/06\/1977 0,00 0,00 0,75 3,00 3,75 25\u00aa Classificado<br>45\/2019 Maria Nazare de Sousa Rodrigues 04\/01\/1970 0,00 0,00 0,50 3,00 3,50 26\u00aa Classificado<br>02\/2019 Maria Rosilda Pereira Ribeiro 19\/11\/1077 0,00 0,50 0,00 3,00 3,50 27\u00aa Classificado<br>05\/2019 Maria Luciana Bezerra da Silva 17\/03\/1978 0,00 0,50 0,00 3,00 3,50 28\u00aa Classificado<br>50\/2019 Josilene Ferreira de Ara\u00fajo 10\/02\/1990 0,00 1,50 0,00 2,00 3,50 29\u00aa Classificado<br>26\/2019 Cinthia Aurelina Bezerra Barbosa 01\/03\/1996 0,00 0,50 0,00 3,00 3,50 30\u00aa Classificado<br>20\/2019 Umbelina de Jesus Silva 26\/06\/1996 0,00 0,50 0,00 3,00 3,50 31\u00aa Classificado<br>37\/2019 Gilv\u00e2nia Ferreira da Silva 28\/01\/1996 0,00 0,50 0,00 2,83 3,33 32\u00aa Classificado<br>52\/2019 Carmen Lucia Feitosa de Lima 03\/03\/1965 0,00 0,00 0,25 3,00 3,25 33\u00aa Classificado<br>54\/2019 Maria Ivanete Barros de Souza Silva 16\/01\/1966 0,00 0,00 0,25 3,00 3,25 34\u00aa Classificado<br>39\/2019 Claudiana Bezerra da Costa 22\/06\/1975 0,00 0,00 0,25 3,00 3,25 35\u00aa Classificado<br>48\/2019 Ana Carla Marques Chagas 16\/07\/1981 0,00 0,00 0,25 3,00 3,25 36\u00aa Classificado<br>19\/2019 Aline Bezerra da Silva 30\/01\/1988 0,00 0,00 0,00 2,92 2,92 37\u00aa Classificado<br>43\/2019 Tattiele Fernanda de Melo Oliveira 02\/01\/1996 0,00 0,00 0,75 1,92 2,67 38\u00aa Classificado<br>21\/2019 Vanesa Ramos Feitosa dos Santos 09\/06\/1980 0,00 1,00 0,00 1,50 2,50 39\u00aa Classificado<br>35\/2019 Ilma da Silva Sousa 19\/07\/1985 0,00 1,00 0,50 0,00 1,50 40\u00aa Classificado<br>44\/2019 Antonio de Souza Queiroz Neto 05\/02\/1998 0,00 0,50 0,25 0,75 1,50 41\u00aa Classificado<br>14\/2019 Paulo Roberto de Sousa 04\/05\/1980 0,00 0,00 0,00 1,25 1,25 42\u00aa Classificado<br>36\/2019 Lucas Ferreira Cavalcante 27\/06\/1988 0,00 1,00 0,25 0,00 1,25 43\u00aa Classificado<br>27\/2019 Naria Leida da Silva 11\/10\/1990 0,00 0,50 0,25 0,50 1,25 44\u00aa Classificado<br>41\/2019 Maria Edilene da Silva 09\/06\/1968 0,00 1,00 0,00 0,00 1,00 45\u00aa Classificado<br>08\/2019 Silvaneide Amador Henrique Azevedo 01\/11\/1973 0,00 0,50 0,50 0,00 1,00 46\u00aa Classificado<br>10\/2019 Mar\u00edlia Jessica Roque de Sousa 21\/03\/1993 0,00 1,00 0,00 0,00 1,00 47\u00aa Classificado<br>49\/2019 Maria Eliane das Chagas Lima 22\/01\/1980 0,00 0,50 0,00 0,00 0,50 48\u00aa Classificado<br>01\/2019 Maria Aparecida Batista Viana 31\/05\/1982 0,00 0,50 0,00 0,00 0,50 49\u00aa Classificado<br>42\/2019 Isabel Cristina Batista 17\/11\/1982 0,00 0,50 0,00 0,00 0,50 50\u00aa Classificado<br>33\/2019 Iane da Mota Ara\u00fajo 08\/09\/1997 0,00 0,50 0,00 0,00 0,50 51\u00aa Classificado<br>09\/2019 Gerlania Vanessa Sousa Silva 23\/03\/1988 0,00 0,00 0,00 0,25 0,25 52\u00aa Classificado<br>38\/2019 Daiane Santos Araujo 07\/03\/1993 0,00 0,00 0,25 0,00 0,25 53\u00aa Classificado<br>53\/2019 Maria Adailde de Souza Vilar 12\/06\/1984 0,00 0,00 0,00 0,00 0,00 54\u00aa Classificado<br>51\/2019 Erica Maria Alves Rafael 11\/09\/1991 0,00 0,00 0,00 0,00 0,00 55\u00aa Classificado<br>46\/2019 Keilla Samyra Lima Almeida 23\/03\/2000 0,00 0,00 0,00 0,00 0,00 56\u00aa Classificado<\/p>\n\n\n\n<p>Os candidatos que desejarem recorrer do presente RESULTADO PRELIMINAR ter\u00e3o at\u00e9 \u00e0s 23:59 do dia 31\/12\/2019 para faz\u00ea-lo, devendo enviar os motivos do seu recurso par o email da Comiss\u00e3o do Processo Seletivo Simplicado: cepsssume@gmail.com; conforme previsto item 6.1 e seguinte do edital.<\/p>\n\n\n\n<p>Sum\u00e9, 30 de dezembro de 2019.<\/p>\n\n\n\n<p>RENATO MENDON\u00c7A DE LIMA<br>Presidente da Comiss\u00e3o<\/p>\n\n\n\n<p>MARIA ALDENICE NOGUEIRA<br>Membro da Comiss\u00e3o<\/p>\n\n\n\n<p>ANNA MAGDA DA CONCEI\u00c7\u00c3O SOUZA CANTALICE<br>Membro da Comiss\u00e3o<\/p>\n","protected":false},"excerpt":{"rendered":"<p>A Comiss\u00e3o Organizadora de Realiza\u00e7\u00e3o, Fiscaliza\u00e7\u00e3o e Acompanhamento do Processo Seletivo Simplificado, nomeada atrav\u00e9s da Portaria n\u00ba 5.953\/2019, com vistas \u00e0 contrata\u00e7\u00e3o por tempo determinado&hellip; <\/p>\n","protected":false},"author":1,"featured_media":84505,"comment_status":"closed","ping_status":"closed","sticky":false,"template":"","format":"standard","meta":{"sfsi_plus_gutenberg_text_before_share":"","sfsi_plus_gutenberg_show_text_before_share":"","sfsi_plus_gutenberg_icon_type":"","sfsi_plus_gutenberg_icon_alignemt":"","sfsi_plus_gutenburg_max_per_row":"","footnotes":""},"categories":[6],"tags":[],"class_list":["post-143905","post","type-post","status-publish","format-standard","has-post-thumbnail","hentry","category-cidades"],"_links":{"self":[{"href":"https:\/\/www.caririemacao.com\/1\/wp-json\/wp\/v2\/posts\/143905","targetHints":{"allow":["GET"]}}],"collection":[{"href":"https:\/\/www.caririemacao.com\/1\/wp-json\/wp\/v2\/posts"}],"about":[{"href":"https:\/\/www.caririemacao.com\/1\/wp-json\/wp\/v2\/types\/post"}],"author":[{"embeddable":true,"href":"https:\/\/www.caririemacao.com\/1\/wp-json\/wp\/v2\/users\/1"}],"replies":[{"embeddable":true,"href":"https:\/\/www.caririemacao.com\/1\/wp-json\/wp\/v2\/comments?post=143905"}],"version-history":[{"count":1,"href":"https:\/\/www.caririemacao.com\/1\/wp-json\/wp\/v2\/posts\/143905\/revisions"}],"predecessor-version":[{"id":143906,"href":"https:\/\/www.caririemacao.com\/1\/wp-json\/wp\/v2\/posts\/143905\/revisions\/143906"}],"wp:featuredmedia":[{"embeddable":true,"href":"https:\/\/www.caririemacao.com\/1\/wp-json\/wp\/v2\/media\/84505"}],"wp:attachment":[{"href":"https:\/\/www.caririemacao.com\/1\/wp-json\/wp\/v2\/media?parent=143905"}],"wp:term":[{"taxonomy":"category","embeddable":true,"href":"https:\/\/www.caririemacao.com\/1\/wp-json\/wp\/v2\/categories?post=143905"},{"taxonomy":"post_tag","embeddable":true,"href":"https:\/\/www.caririemacao.com\/1\/wp-json\/wp\/v2\/tags?post=143905"}],"curies":[{"name":"wp","href":"https:\/\/api.w.org\/{rel}","templated":true}]}}