{"id":143915,"date":"2019-12-31T08:35:57","date_gmt":"2019-12-31T11:35:57","guid":{"rendered":"http:\/\/www.caririemacao.com\/1\/?p=143915"},"modified":"2019-12-31T08:35:57","modified_gmt":"2019-12-31T11:35:57","slug":"mensagem-de-feliz-ano-novo-da-prefeita-ana-lorena","status":"publish","type":"post","link":"https:\/\/www.caririemacao.com\/1\/2019\/12\/31\/mensagem-de-feliz-ano-novo-da-prefeita-ana-lorena\/","title":{"rendered":"Mensagem de feliz ano novo da prefeita Ana Lorena"},"content":{"rendered":"\n<p>A Prefeita de Monteiro Anna Lorena\u00a0\u00a0emitiu sua mensagem de Feliz ano novo \u00e0 toda a comunidade monteirense, tanto da zona urbana quanto da zona rural.<\/p>\n\n\n\n<p>Confira:<em><br>\u201cPara Deus minha gratid\u00e3o pelas ben\u00e7\u00e3os alcan\u00e7adas.\u00a0 Para Monteiro toda minha garra para trabalhar cada vez mais! E para cada um dos monteirenses todo meu respeito, carinho e compromisso para seguir em frente.\u00a0Que venha 2020!\u00a0 #FelizAnoNovoMonteiro\u201d<\/em><strong><br><\/strong><\/p>\n\n\n\n<p><strong>Anna Lorena- Prefeita de Monteiro<\/strong><\/p>\n","protected":false},"excerpt":{"rendered":"<p>A Prefeita de Monteiro Anna Lorena\u00a0\u00a0emitiu sua mensagem de Feliz ano novo \u00e0 toda a comunidade monteirense, tanto da zona urbana quanto da zona rural.&hellip; <\/p>\n","protected":false},"author":1,"featured_media":143916,"comment_status":"closed","ping_status":"closed","sticky":false,"template":"","format":"standard","meta":{"sfsi_plus_gutenberg_text_before_share":"","sfsi_plus_gutenberg_show_text_before_share":"","sfsi_plus_gutenberg_icon_type":"","sfsi_plus_gutenberg_icon_alignemt":"","sfsi_plus_gutenburg_max_per_row":"","footnotes":""},"categories":[2],"tags":[],"class_list":["post-143915","post","type-post","status-publish","format-standard","has-post-thumbnail","hentry","category-geral"],"_links":{"self":[{"href":"https:\/\/www.caririemacao.com\/1\/wp-json\/wp\/v2\/posts\/143915","targetHints":{"allow":["GET"]}}],"collection":[{"href":"https:\/\/www.caririemacao.com\/1\/wp-json\/wp\/v2\/posts"}],"about":[{"href":"https:\/\/www.caririemacao.com\/1\/wp-json\/wp\/v2\/types\/post"}],"author":[{"embeddable":true,"href":"https:\/\/www.caririemacao.com\/1\/wp-json\/wp\/v2\/users\/1"}],"replies":[{"embeddable":true,"href":"https:\/\/www.caririemacao.com\/1\/wp-json\/wp\/v2\/comments?post=143915"}],"version-history":[{"count":1,"href":"https:\/\/www.caririemacao.com\/1\/wp-json\/wp\/v2\/posts\/143915\/revisions"}],"predecessor-version":[{"id":143917,"href":"https:\/\/www.caririemacao.com\/1\/wp-json\/wp\/v2\/posts\/143915\/revisions\/143917"}],"wp:featuredmedia":[{"embeddable":true,"href":"https:\/\/www.caririemacao.com\/1\/wp-json\/wp\/v2\/media\/143916"}],"wp:attachment":[{"href":"https:\/\/www.caririemacao.com\/1\/wp-json\/wp\/v2\/media?parent=143915"}],"wp:term":[{"taxonomy":"category","embeddable":true,"href":"https:\/\/www.caririemacao.com\/1\/wp-json\/wp\/v2\/categories?post=143915"},{"taxonomy":"post_tag","embeddable":true,"href":"https:\/\/www.caririemacao.com\/1\/wp-json\/wp\/v2\/tags?post=143915"}],"curies":[{"name":"wp","href":"https:\/\/api.w.org\/{rel}","templated":true}]}}