{"id":143920,"date":"2019-12-31T08:38:22","date_gmt":"2019-12-31T11:38:22","guid":{"rendered":"http:\/\/www.caririemacao.com\/1\/?p=143920"},"modified":"2019-12-31T08:38:22","modified_gmt":"2019-12-31T11:38:22","slug":"ufpb-oferta-mais-de-200-vagas-de-mestrado-inscricoes-iniciam-quinta","status":"publish","type":"post","link":"https:\/\/www.caririemacao.com\/1\/2019\/12\/31\/ufpb-oferta-mais-de-200-vagas-de-mestrado-inscricoes-iniciam-quinta\/","title":{"rendered":"UFPB oferta mais de 200 vagas de mestrado; inscri\u00e7\u00f5es iniciam quinta"},"content":{"rendered":"\n<p>Para quem inicia o Ano Novo buscando alcan\u00e7ar objetivos, como iniciar uma nova especializa\u00e7\u00e3o, a Universidade Federal da Para\u00edba (UFPB) disponibiliza mais de 200 vagas em mestrado nas \u00e1reas de m\u00fasica, meio ambiente, engenharia, sa\u00fade, ci\u00eancias jur\u00eddicas e biol\u00f3gicas; confira.<\/p>\n\n\n\n<p>Para concorrer as vagas, os participantes devem estar atentos \u00e0s inscri\u00e7\u00f5es e prazos para fazer as provas. A inscri\u00e7\u00e3o deve realizada pelo Sistema Integrado de Gest\u00e3o Acad\u00eamica (Sigaa) da UFPB e iniciam j\u00e1 no segundo dia do ano, na quinta-feira (2).<\/p>\n\n\n\n<p>Na \u00e1rea de engenharia, o Programa de P\u00f3s-Gradua\u00e7\u00e3o em Engenharia Mec\u00e2nica (PPGEM) da UFPB oferta 28 vagas, 14 para mestrado e 14 para doutorado. De acordo com o&nbsp;<a href=\"https:\/\/sigaa.ufpb.br\/sigaa\/public\/programa\/portal.jsf?lc=pt_BR&amp;id=1870\" target=\"_blank\" rel=\"noreferrer noopener\">edital<\/a>, as inscri\u00e7\u00f5es ser\u00e3o gratuitas e acontecem no per\u00edodo&nbsp;de 2 a&nbsp;30 de janeiro.<\/p>\n\n\n\n<p>J\u00e1 o Programa de P\u00f3s-Gradua\u00e7\u00e3o em Engenharia de Produ\u00e7\u00e3o (PPGEP) da UFPB oferece 20 vagas para curso de mestrado, na \u00e1rea de Sistemas de Produ\u00e7\u00e3o. De acordo com o&nbsp;<a href=\"http:\/\/www.ufpb.br\/pos\/ppgep\" target=\"_blank\" rel=\"noreferrer noopener\">edital&nbsp;<\/a>no per\u00edodo de 6 a 28 de janeiro.<\/p>\n\n\n\n<p>Na \u00e1rea de ci\u00eancias jur\u00eddicas, o Programa de P\u00f3s-gradua\u00e7\u00e3o em Ci\u00eancias Jur\u00eddicas (PPGCJ) da Universidade Federal da Para\u00edba (UFPB) divulgou&nbsp;<a href=\"https:\/\/sig-arq.ufpb.br\/arquivos\/2019110236cf7a18032087e6acef685ed\/Edital_do_PPGCJ_-_Retificado.pdf\" target=\"_blank\" rel=\"noreferrer noopener\">edital<\/a>&nbsp;com 45 vagas, sendo 30 para o curso de mestrado (15 para \u00e1rea de Direito Econ\u00f4mico e 15 de Direitos Humanos) e 15 vagas para o doutorado (todas na \u00e1rea de Direitos Humanos e Desenvolvimento).<\/p>\n\n\n\n<p>As inscri\u00e7\u00f5es acontecem a partir de 12 a 27 de janeiro. A taxa de inscri\u00e7\u00e3o \u00e9 de R$ 85,93.<\/p>\n\n\n\n<p>Na \u00e1rea de ambiental, o Programa de P\u00f3s-Gradua\u00e7\u00e3o em Desenvolvimento e Meio Ambiente (Prodema) da Universidade Federal da Para\u00edba (UFPB) lan\u00e7ou&nbsp;<a href=\"https:\/\/sig-arq.ufpb.br\/arquivos\/2019039061237e1803992c5db0ffdcdf1\/Edital_mestrado_prodema_2020-turma2.pdf\" target=\"_blank\" rel=\"noreferrer noopener\">edital<\/a>&nbsp;com 10 vagas para curso de mestrado.<\/p>\n\n\n\n<p>As inscri\u00e7\u00f5es acontecem&nbsp;no per\u00edodo de 16 a 26 de janeiro. O candidato deve preencher o cadastro on-line, realizar o pagamento da taxa no valor de R$ 85,93 e anexar toda a documenta\u00e7\u00e3o exigida em arquivo \u00fanico, obrigatoriamente no formato PDF.<\/p>\n\n\n\n<p>Por fim, na \u00e1rea de biol\u00f3gicas, o Programa de P\u00f3s-Gradua\u00e7\u00e3o em Ci\u00eancias Biol\u00f3gicas\/Zoologia (PPGCB) da UFPB lan\u00e7ou edital de sele\u00e7\u00e3o para o mestrado em Ci\u00eancias Biol\u00f3gicas. S\u00e3o oferecidas cinco vagas, as inscri\u00e7\u00f5es devem ser feitas no per\u00edodo de&nbsp;20 a 24 de janeiro de 2020, com t\u00e9rmino \u00e0s 18h. N\u00e3o ser\u00e1 cobrada taxa de inscri\u00e7\u00e3o.<\/p>\n\n\n\n<p>J\u00e1 o Programa de P\u00f3s-Gradua\u00e7\u00e3o em Biotecnologia (PGBiotecM) do Centro de Biotecnologia da UFPB lan\u00e7ou um&nbsp;<a href=\"https:\/\/sigaa.ufpb.br\/sigaa\/public\/processo_seletivo\/lista.jsf;jsessionid=CC16FDFDB87EC586A623F640B55F2331\" target=\"_blank\" rel=\"noreferrer noopener\">edital<\/a>&nbsp;de sele\u00e7\u00e3o com 14 vagas para curso de mestrado.&nbsp; As inscri\u00e7\u00f5es devem ser realizadas, de forma gratuita, no per\u00edodo de 13 a 20 de janeiro.<\/p>\n\n\n\n<p><strong>Fevereiro<\/strong><\/p>\n\n\n\n<p>Na \u00e1rea da sa\u00fade, o Programa de P\u00f3s-Gradua\u00e7\u00e3o em Neuroci\u00eancia Cognitiva e Comportamento (PPGNeC) da UFPB oferece 31 vagas para curso de mestrado. Segundo o&nbsp;<a href=\"http:\/\/www.cchla.ufpb.br\/ppgnec\/selecao-de-mestrado-2020\/\" target=\"_blank\" rel=\"noreferrer noopener\">edital<\/a>, as inscri\u00e7\u00f5es devem ocorrer de 3 a 7 de fevereiro, a&nbsp;taxa custa R$ 85,93.<\/p>\n\n\n\n<p><strong>Mar\u00e7o<\/strong><\/p>\n\n\n\n<p>Na \u00e1rea de m\u00fasica, o Programa de P\u00f3s-Gradua\u00e7\u00e3o em M\u00fasica da UFPB oferta\u00a034 vagas para curso de mestrado e 15 para de doutorado. As inscri\u00e7\u00f5es iniciam no per\u00edodo de 9 at\u00e9 13 de mar\u00e7o. A taxa \u00e9 de R$ 85,93.<\/p>\n\n\n\n<p><strong>MaisPB<\/strong><\/p>\n","protected":false},"excerpt":{"rendered":"<p>Para quem inicia o Ano Novo buscando alcan\u00e7ar objetivos, como iniciar uma nova especializa\u00e7\u00e3o, a Universidade Federal da Para\u00edba (UFPB) disponibiliza mais de 200 vagas&hellip; <\/p>\n","protected":false},"author":1,"featured_media":96618,"comment_status":"closed","ping_status":"closed","sticky":false,"template":"","format":"standard","meta":{"sfsi_plus_gutenberg_text_before_share":"","sfsi_plus_gutenberg_show_text_before_share":"","sfsi_plus_gutenberg_icon_type":"","sfsi_plus_gutenberg_icon_alignemt":"","sfsi_plus_gutenburg_max_per_row":"","footnotes":""},"categories":[2],"tags":[],"class_list":["post-143920","post","type-post","status-publish","format-standard","has-post-thumbnail","hentry","category-geral"],"_links":{"self":[{"href":"https:\/\/www.caririemacao.com\/1\/wp-json\/wp\/v2\/posts\/143920","targetHints":{"allow":["GET"]}}],"collection":[{"href":"https:\/\/www.caririemacao.com\/1\/wp-json\/wp\/v2\/posts"}],"about":[{"href":"https:\/\/www.caririemacao.com\/1\/wp-json\/wp\/v2\/types\/post"}],"author":[{"embeddable":true,"href":"https:\/\/www.caririemacao.com\/1\/wp-json\/wp\/v2\/users\/1"}],"replies":[{"embeddable":true,"href":"https:\/\/www.caririemacao.com\/1\/wp-json\/wp\/v2\/comments?post=143920"}],"version-history":[{"count":1,"href":"https:\/\/www.caririemacao.com\/1\/wp-json\/wp\/v2\/posts\/143920\/revisions"}],"predecessor-version":[{"id":143921,"href":"https:\/\/www.caririemacao.com\/1\/wp-json\/wp\/v2\/posts\/143920\/revisions\/143921"}],"wp:featuredmedia":[{"embeddable":true,"href":"https:\/\/www.caririemacao.com\/1\/wp-json\/wp\/v2\/media\/96618"}],"wp:attachment":[{"href":"https:\/\/www.caririemacao.com\/1\/wp-json\/wp\/v2\/media?parent=143920"}],"wp:term":[{"taxonomy":"category","embeddable":true,"href":"https:\/\/www.caririemacao.com\/1\/wp-json\/wp\/v2\/categories?post=143920"},{"taxonomy":"post_tag","embeddable":true,"href":"https:\/\/www.caririemacao.com\/1\/wp-json\/wp\/v2\/tags?post=143920"}],"curies":[{"name":"wp","href":"https:\/\/api.w.org\/{rel}","templated":true}]}}