{"id":143924,"date":"2019-12-31T09:24:57","date_gmt":"2019-12-31T12:24:57","guid":{"rendered":"http:\/\/www.caririemacao.com\/1\/?p=143924"},"modified":"2019-12-31T09:24:57","modified_gmt":"2019-12-31T12:24:57","slug":"parceria-entre-prefeitura-e-estado-beneficiara-ouro-velho-com-nova-escola","status":"publish","type":"post","link":"https:\/\/www.caririemacao.com\/1\/2019\/12\/31\/parceria-entre-prefeitura-e-estado-beneficiara-ouro-velho-com-nova-escola\/","title":{"rendered":"Parceria entre Prefeitura e Estado beneficiar\u00e1 Ouro Velho com nova escola"},"content":{"rendered":"\n<p>A Prefeita Nat\u00e1lia de Dr. J\u00fanior anunciou na noite desta segunda-feira (30), que o munic\u00edpio de Ouro Velho com uma nova escola, fruto de uma parceria entre o Governo do Estado e o Munic\u00edpio.<\/p>\n\n\n\n<p>A gestora j\u00e1 assinou um conv\u00eanio com o Governo do Estado para constru\u00e7\u00e3o da nova escola. O investimento \u00e9 de aproximadamente R$ 1 milh\u00e3o, que em breve ser\u00e1 licitado e autorizado a ordem de servi\u00e7o.<\/p>\n\n\n\n<p>S\u00f3 temos a agradecer ao governador Jo\u00e3o Azevedo que n\u00e3o mediu esfor\u00e7os para atender ao nosso pleito . Em breve janeiro ser\u00e1 licitado e dado a ordem de servi\u00e7o. O trabalho continua e em breve teremos mais novidades , mais obras e a\u00e7\u00f5es\u201c, afirmou a prefeita Nat\u00e1lia.<br><\/p>\n","protected":false},"excerpt":{"rendered":"<p>A Prefeita Nat\u00e1lia de Dr. J\u00fanior anunciou na noite desta segunda-feira (30), que o munic\u00edpio de Ouro Velho com uma nova escola, fruto de uma&hellip; <\/p>\n","protected":false},"author":1,"featured_media":43402,"comment_status":"closed","ping_status":"closed","sticky":false,"template":"","format":"standard","meta":{"sfsi_plus_gutenberg_text_before_share":"","sfsi_plus_gutenberg_show_text_before_share":"","sfsi_plus_gutenberg_icon_type":"","sfsi_plus_gutenberg_icon_alignemt":"","sfsi_plus_gutenburg_max_per_row":"","footnotes":""},"categories":[2],"tags":[],"class_list":["post-143924","post","type-post","status-publish","format-standard","has-post-thumbnail","hentry","category-geral"],"_links":{"self":[{"href":"https:\/\/www.caririemacao.com\/1\/wp-json\/wp\/v2\/posts\/143924","targetHints":{"allow":["GET"]}}],"collection":[{"href":"https:\/\/www.caririemacao.com\/1\/wp-json\/wp\/v2\/posts"}],"about":[{"href":"https:\/\/www.caririemacao.com\/1\/wp-json\/wp\/v2\/types\/post"}],"author":[{"embeddable":true,"href":"https:\/\/www.caririemacao.com\/1\/wp-json\/wp\/v2\/users\/1"}],"replies":[{"embeddable":true,"href":"https:\/\/www.caririemacao.com\/1\/wp-json\/wp\/v2\/comments?post=143924"}],"version-history":[{"count":1,"href":"https:\/\/www.caririemacao.com\/1\/wp-json\/wp\/v2\/posts\/143924\/revisions"}],"predecessor-version":[{"id":143925,"href":"https:\/\/www.caririemacao.com\/1\/wp-json\/wp\/v2\/posts\/143924\/revisions\/143925"}],"wp:featuredmedia":[{"embeddable":true,"href":"https:\/\/www.caririemacao.com\/1\/wp-json\/wp\/v2\/media\/43402"}],"wp:attachment":[{"href":"https:\/\/www.caririemacao.com\/1\/wp-json\/wp\/v2\/media?parent=143924"}],"wp:term":[{"taxonomy":"category","embeddable":true,"href":"https:\/\/www.caririemacao.com\/1\/wp-json\/wp\/v2\/categories?post=143924"},{"taxonomy":"post_tag","embeddable":true,"href":"https:\/\/www.caririemacao.com\/1\/wp-json\/wp\/v2\/tags?post=143924"}],"curies":[{"name":"wp","href":"https:\/\/api.w.org\/{rel}","templated":true}]}}