{"id":143939,"date":"2019-12-31T09:28:46","date_gmt":"2019-12-31T12:28:46","guid":{"rendered":"http:\/\/www.caririemacao.com\/1\/?p=143939"},"modified":"2019-12-31T09:28:46","modified_gmt":"2019-12-31T12:28:46","slug":"lula-processa-dono-da-havan-por-faixa-que-o-chama-de-cachaceiro","status":"publish","type":"post","link":"https:\/\/www.caririemacao.com\/1\/2019\/12\/31\/lula-processa-dono-da-havan-por-faixa-que-o-chama-de-cachaceiro\/","title":{"rendered":"Lula processa dono da Havan por faixa que o chama de &#8216;cachaceiro"},"content":{"rendered":"\n<p>A defesa de&nbsp;Lula acusa o dono da Havan, Luciano Hang por cal\u00fania e difama\u00e7\u00e3o por chamar o ex-presidente de &#8220;cachaceiro&#8221;. Lula pede uma indeniza\u00e7\u00e3o de R$ 100 mil.&nbsp;<\/p>\n\n\n\n<p>Em publica\u00e7\u00e3o no Twitter, no \u00faltimo s\u00e1bado (28), o empres\u00e1rio afirmava que patrocinaria um avi\u00e3o para sobrevoar praias de Santa Catarina com a frase &#8216;Lula, cachaceiro, devolve meu dinheiro&#8217;.<\/p>\n","protected":false},"excerpt":{"rendered":"<p>A defesa de&nbsp;Lula acusa o dono da Havan, Luciano Hang por cal\u00fania e difama\u00e7\u00e3o por chamar o ex-presidente de &#8220;cachaceiro&#8221;. Lula pede uma indeniza\u00e7\u00e3o de&hellip; <\/p>\n","protected":false},"author":1,"featured_media":143940,"comment_status":"closed","ping_status":"closed","sticky":false,"template":"","format":"standard","meta":{"sfsi_plus_gutenberg_text_before_share":"","sfsi_plus_gutenberg_show_text_before_share":"","sfsi_plus_gutenberg_icon_type":"","sfsi_plus_gutenberg_icon_alignemt":"","sfsi_plus_gutenburg_max_per_row":"","footnotes":""},"categories":[11],"tags":[],"class_list":["post-143939","post","type-post","status-publish","format-standard","has-post-thumbnail","hentry","category-politica"],"_links":{"self":[{"href":"https:\/\/www.caririemacao.com\/1\/wp-json\/wp\/v2\/posts\/143939","targetHints":{"allow":["GET"]}}],"collection":[{"href":"https:\/\/www.caririemacao.com\/1\/wp-json\/wp\/v2\/posts"}],"about":[{"href":"https:\/\/www.caririemacao.com\/1\/wp-json\/wp\/v2\/types\/post"}],"author":[{"embeddable":true,"href":"https:\/\/www.caririemacao.com\/1\/wp-json\/wp\/v2\/users\/1"}],"replies":[{"embeddable":true,"href":"https:\/\/www.caririemacao.com\/1\/wp-json\/wp\/v2\/comments?post=143939"}],"version-history":[{"count":1,"href":"https:\/\/www.caririemacao.com\/1\/wp-json\/wp\/v2\/posts\/143939\/revisions"}],"predecessor-version":[{"id":143941,"href":"https:\/\/www.caririemacao.com\/1\/wp-json\/wp\/v2\/posts\/143939\/revisions\/143941"}],"wp:featuredmedia":[{"embeddable":true,"href":"https:\/\/www.caririemacao.com\/1\/wp-json\/wp\/v2\/media\/143940"}],"wp:attachment":[{"href":"https:\/\/www.caririemacao.com\/1\/wp-json\/wp\/v2\/media?parent=143939"}],"wp:term":[{"taxonomy":"category","embeddable":true,"href":"https:\/\/www.caririemacao.com\/1\/wp-json\/wp\/v2\/categories?post=143939"},{"taxonomy":"post_tag","embeddable":true,"href":"https:\/\/www.caririemacao.com\/1\/wp-json\/wp\/v2\/tags?post=143939"}],"curies":[{"name":"wp","href":"https:\/\/api.w.org\/{rel}","templated":true}]}}