{"id":143958,"date":"2019-12-31T12:12:43","date_gmt":"2019-12-31T15:12:43","guid":{"rendered":"http:\/\/www.caririemacao.com\/1\/?p=143958"},"modified":"2019-12-31T12:12:43","modified_gmt":"2019-12-31T15:12:43","slug":"calvario-toffoli-deve-ouvir-stj-antes-de-decidir-sobre-prisao-de-ricardo-coutinho-e-de-outros-investigados","status":"publish","type":"post","link":"https:\/\/www.caririemacao.com\/1\/2019\/12\/31\/calvario-toffoli-deve-ouvir-stj-antes-de-decidir-sobre-prisao-de-ricardo-coutinho-e-de-outros-investigados\/","title":{"rendered":"CALV\u00c1RIO: Toffoli deve ouvir STJ antes de decidir sobre pris\u00e3o de Ricardo Coutinho e de outros investigados"},"content":{"rendered":"\n<p>O Supremo Tribunal Federal (STF) recebeu oficialmente, nesta segunda-feira (30), o pedido de suspens\u00e3o de liminar do Minist\u00e9rio P\u00fablico Federal (MPF) contra o habeas corpus concedido ao ex-governador Ricardo Coutinho (PSB) e a outros investigados no \u00e2mbito da Opera\u00e7\u00e3o Calv\u00e1rio.<\/p>\n\n\n\n<p>A reportagem apurou que a decis\u00e3o do presidente do STF, Dias Toffoli, \u00e9 iminente. Antes, por\u00e9m, ele dever\u00e1 ouvir o Superior Tribunal de Justi\u00e7a (STJ), que concedeu o habeas corpus ao ex-governador atrav\u00e9s de uma decis\u00e3o do ministro Napole\u00e3o Maia.<\/p>\n\n\n\n<p>O pedido de suspens\u00e3o de liminar atinge, al\u00e9m de Ricardo Coutinho, os investigados&nbsp; Cl\u00e1udia Veras, Francisco das Chagas Ferreira, David Clemente e a prefeita de Conde, M\u00e1rcia Lucena. A PGR sustenta que a liberdade dos citados representa risco \u00e0s investiga\u00e7\u00f5es e ressalta que o ex-governador Ricardo Coutinho \u00e9 l\u00edder de uma \u2018organiza\u00e7\u00e3o criminosa\u2019.<\/p>\n\n\n\n<p>A expectativa do MPF \u00e9 que a decis\u00e3o da Corte Suprema ocorra \u2018nos pr\u00f3ximos dias\u2019.&nbsp;O recurso contra a liberdade de investigados na Calv\u00e1rio \u00e9 assinado pelo Vice-Procurador-Geral Eleitoral, em plant\u00e3o na Procuradoria-Geral da Rep\u00fablica, Humberto Jacques de Medeiros. O documento \u00e9 direcionado ao presidente do STF, Dias Toffoli.&nbsp; Segundo o MPF, n\u00e3o caberia ao ministro Napole\u00e3o Maia, em car\u00e1ter monocr\u00e1tico e urgente, decidir sobre a mat\u00e9ria \u201csem o dom\u00ednio de tudo o que o Superior Tribunal de Justi\u00e7a j\u00e1 decidira na opera\u00e7\u00e3o\u201d.<\/p>\n\n\n\n<p>No recurso, Jacques argumenta que os atos judiciais liminares concedidos pelo STJ padecem de \u2018v\u00edcios graves\u2019 associados e cria \u2018situa\u00e7\u00e3o teratol\u00f3gica\u2019 que coloca em xeque o trabalho do Poder Judici\u00e1rio. Ele aponta como um desses v\u00edcios, \u201ca contradi\u00e7\u00e3o grave e sem solu\u00e7\u00e3o pronta entre decis\u00f5es coet\u00e2neas (e quase simult\u00e2neas) de Ministros do Superior Tribunal de Justi\u00e7a, no recesso judici\u00e1rio, examinando a legalidade de um mesmo ato, o que \u201cexp\u00f5e a credibilidade do Judici\u00e1rio pela incoer\u00eancia evidente entre julgados e a resist\u00eancia a sua pronta supera\u00e7\u00e3o\u201d, diz.<\/p>\n\n\n\n<p><strong>Calv\u00e1rio<\/strong><\/p>\n\n\n\n<p>A Opera\u00e7\u00e3o Calv\u00e1rio investiga o desvio de mais de R$ 134 milh\u00f5es nas pastas da sa\u00fade e educa\u00e7\u00e3o da Para\u00edba. Al\u00e9m de Coriolano Coutinho, irm\u00e3o do ex-governador, permanecem presos preventivamente, dentre outros, o ex-procurador-Geral do Estado, Gilberto Carneiro, o ex-secret\u00e1rio-executivo de Educa\u00e7\u00e3o, Arthur Viana e o ex-secret\u00e1rio de sa\u00fade do Estado, Waldson de Souza.<\/p>\n\n\n\n<p><strong>O que diz a defesa<\/strong><\/p>\n\n\n\n<p>Por meio de nota enviada \u00e0 reportagem no fim de semana, a defesa de Ricardo Coutinho informou que acredita na manuten\u00e7\u00e3o da liminar que garante a liberdade do ex-governador. Na vis\u00e3o da defesa, o Minist\u00e9rio P\u00fablico deveria recorrer ao STJ e n\u00e3o ao STF.<\/p>\n\n\n\n<p>\u201cAcreditamos na manuten\u00e7\u00e3o da liminar. Qualquer insatisfa\u00e7\u00e3o do MP com a decis\u00e3o deve ser discutida no pr\u00f3prio STJ, sob pena de supress\u00e3o de inst\u00e2ncia. A suspens\u00e3o da liminar, que \u00e9 uma medida de natureza excepcional, \u00e9 manifestamente inadequada \u00e0 presente situa\u00e7\u00e3o\u201d.<\/p>\n\n\n\n<p><em>Com Pol\u00eamica PB<\/em><\/p>\n","protected":false},"excerpt":{"rendered":"<p>O Supremo Tribunal Federal (STF) recebeu oficialmente, nesta segunda-feira (30), o pedido de suspens\u00e3o de liminar do Minist\u00e9rio P\u00fablico Federal (MPF) contra o habeas corpus&hellip; <\/p>\n","protected":false},"author":1,"featured_media":143959,"comment_status":"closed","ping_status":"closed","sticky":false,"template":"","format":"standard","meta":{"sfsi_plus_gutenberg_text_before_share":"","sfsi_plus_gutenberg_show_text_before_share":"","sfsi_plus_gutenberg_icon_type":"","sfsi_plus_gutenberg_icon_alignemt":"","sfsi_plus_gutenburg_max_per_row":"","footnotes":""},"categories":[11],"tags":[],"class_list":["post-143958","post","type-post","status-publish","format-standard","has-post-thumbnail","hentry","category-politica"],"_links":{"self":[{"href":"https:\/\/www.caririemacao.com\/1\/wp-json\/wp\/v2\/posts\/143958","targetHints":{"allow":["GET"]}}],"collection":[{"href":"https:\/\/www.caririemacao.com\/1\/wp-json\/wp\/v2\/posts"}],"about":[{"href":"https:\/\/www.caririemacao.com\/1\/wp-json\/wp\/v2\/types\/post"}],"author":[{"embeddable":true,"href":"https:\/\/www.caririemacao.com\/1\/wp-json\/wp\/v2\/users\/1"}],"replies":[{"embeddable":true,"href":"https:\/\/www.caririemacao.com\/1\/wp-json\/wp\/v2\/comments?post=143958"}],"version-history":[{"count":1,"href":"https:\/\/www.caririemacao.com\/1\/wp-json\/wp\/v2\/posts\/143958\/revisions"}],"predecessor-version":[{"id":143960,"href":"https:\/\/www.caririemacao.com\/1\/wp-json\/wp\/v2\/posts\/143958\/revisions\/143960"}],"wp:featuredmedia":[{"embeddable":true,"href":"https:\/\/www.caririemacao.com\/1\/wp-json\/wp\/v2\/media\/143959"}],"wp:attachment":[{"href":"https:\/\/www.caririemacao.com\/1\/wp-json\/wp\/v2\/media?parent=143958"}],"wp:term":[{"taxonomy":"category","embeddable":true,"href":"https:\/\/www.caririemacao.com\/1\/wp-json\/wp\/v2\/categories?post=143958"},{"taxonomy":"post_tag","embeddable":true,"href":"https:\/\/www.caririemacao.com\/1\/wp-json\/wp\/v2\/tags?post=143958"}],"curies":[{"name":"wp","href":"https:\/\/api.w.org\/{rel}","templated":true}]}}