{"id":143968,"date":"2019-12-31T13:10:09","date_gmt":"2019-12-31T16:10:09","guid":{"rendered":"http:\/\/www.caririemacao.com\/1\/?p=143968"},"modified":"2019-12-31T13:10:09","modified_gmt":"2019-12-31T16:10:09","slug":"confira-o-calendario-para-pagamentos-do-bolsa-familia-em-2020","status":"publish","type":"post","link":"https:\/\/www.caririemacao.com\/1\/2019\/12\/31\/confira-o-calendario-para-pagamentos-do-bolsa-familia-em-2020\/","title":{"rendered":"Confira o calend\u00e1rio para pagamentos do Bolsa Fam\u00edlia em 2020"},"content":{"rendered":"\n<p>O calend\u00e1rio de pagamentos do Programa Bolsa Fam\u00edlia em 2020 j\u00e1 est\u00e1 dispon\u00edvel para consulta. O benef\u00edcio \u00e9 pago de forma gradual nos dez \u00faltimos dias \u00fateis de cada m\u00eas. Em janeiro, os saques poder\u00e3o ser feitos do dia 20 at\u00e9 o dia 31. Para saber o dia certo, a fam\u00edlia deve observar o \u00faltimo d\u00edgito do N\u00famero de Identifica\u00e7\u00e3o Social (NIS) impresso no cart\u00e3o. Depois de identific\u00e1-lo, ser\u00e1 necess\u00e1rio observar no calend\u00e1rio do programa a data em que a fam\u00edlia pode fazer o saque, m\u00eas a m\u00eas. Assim, os benefici\u00e1rios que possuem o cart\u00e3o com NIS final 1 podem sacar no primeiro dia do pagamento. J\u00e1 aqueles com o final 2 podem resgatar o recurso no segundo dia, e assim por diante.<br><br><\/p>\n\n\n\n<figure class=\"wp-block-image\"><img decoding=\"async\" data-src=\"http:\/\/www.desenvolvimentosocial.gov.br\/Portal\/noticias\/confira-o-calendario-para-pagamentos-do-bolsa-familia-em-2020\/Folder_V_COR3.jpg\" alt=\"\" src=\"data:image\/svg+xml;base64,PHN2ZyB3aWR0aD0iMSIgaGVpZ2h0PSIxIiB4bWxucz0iaHR0cDovL3d3dy53My5vcmcvMjAwMC9zdmciPjwvc3ZnPg==\" class=\"lazyload\" \/><\/figure>\n\n\n\n<p>Conforme a diretora do Departamento de Benef\u00edcios do Minist\u00e9rio da Cidadania, Caroline Paranayba, \u00e9 muito importante que as fam\u00edlias verifiquem o novo calend\u00e1rio, dispon\u00edvel desde a semana passada em diversos terminais de pagamentos da Caixa Econ\u00f4mica Federal. \u201cIsso inclui ag\u00eancias, terminais de autoatendimento e unidades lot\u00e9ricas. Centros de Refer\u00eancia de Assist\u00eancia Social tamb\u00e9m est\u00e3o recebendo os cartazes com as informa\u00e7\u00f5es\u201d, informou.<br><br><\/p>\n\n\n\n<figure><iframe data-src=\"https:\/\/w.soundcloud.com\/player\/?url=https%3A\/\/api.soundcloud.com\/tracks\/735999241&amp;color=%23ff5500&amp;auto_play=false&amp;hide_related=false&amp;show_comments=true&amp;show_user=true&amp;show_reposts=false&amp;show_teaser=true\" width=\"100%\" height=\"166\" src=\"data:image\/svg+xml;base64,PHN2ZyB3aWR0aD0iMSIgaGVpZ2h0PSIxIiB4bWxucz0iaHR0cDovL3d3dy53My5vcmcvMjAwMC9zdmciPjwvc3ZnPg==\" class=\"lazyload\" data-load-mode=\"1\"><\/iframe><\/figure>\n\n\n\n<h3 class=\"wp-block-heading\">Maior poder de compra da hist\u00f3ria<br><br><\/h3>\n\n\n\n<p>Neste ano, os benefici\u00e1rios do Bolsa Fam\u00edlia est\u00e3o usufruindo do maior poder de compra da hist\u00f3ria do programa, gra\u00e7as \u00e0 13\u00aa parcela. A medida in\u00e9dita foi oficializada pelo presidente Jair Bolsonaro em abril. Com o recurso, o Minist\u00e9rio da Cidadania teve um aumento de R$ 2,58 bilh\u00f5es no or\u00e7amento. O repasse do benef\u00edcio extra acompanha o pagamento de dezembro \u2013 o que significa, neste m\u00eas, pagamento do benef\u00edcio em dobro. No total, mais de R$ 5 bilh\u00f5es foram pagos neste m\u00eas a 13.170.607 fam\u00edlias em todo o Brasil.<br><br><\/p>\n\n\n\n<p>De acordo com o ministro da Cidadania, Osmar Terra, a parcela extra demonstra a valoriza\u00e7\u00e3o do programa por parte do presidente. Terra pontuou que o 13\u00ba \u00e9, tamb\u00e9m, reflexo do aperfei\u00e7oamento que o programa vem passando, por meio de iniciativas como o pente-fino, que combate fraudes.<br><br><\/p>\n\n\n\n<p>\u201c\u00c9 dentro desse programa j\u00e1 otimizado que n\u00f3s vamos ter um valor maior de recursos do or\u00e7amento, e tamb\u00e9m vamos contar com uma parte de valores que vamos tirar com o pente-fino\u201d, declarou Terra. O pagamento da 13\u00aa parcela do Programa Bolsa Fam\u00edlia foi realizado entre os dias 10 e 23 de dezembro.<br><br><\/p>\n\n\n\n<p>Assessoria de Comunica\u00e7\u00e3o<br>Minist\u00e9rio da Cidadania<\/p>\n","protected":false},"excerpt":{"rendered":"<p>O calend\u00e1rio de pagamentos do Programa Bolsa Fam\u00edlia em 2020 j\u00e1 est\u00e1 dispon\u00edvel para consulta. O benef\u00edcio \u00e9 pago de forma gradual nos dez \u00faltimos&hellip; <\/p>\n","protected":false},"author":1,"featured_media":7542,"comment_status":"closed","ping_status":"closed","sticky":false,"template":"","format":"standard","meta":{"sfsi_plus_gutenberg_text_before_share":"","sfsi_plus_gutenberg_show_text_before_share":"","sfsi_plus_gutenberg_icon_type":"","sfsi_plus_gutenberg_icon_alignemt":"","sfsi_plus_gutenburg_max_per_row":"","footnotes":""},"categories":[50,2],"tags":[],"class_list":["post-143968","post","type-post","status-publish","format-standard","has-post-thumbnail","hentry","category-destaque","category-geral"],"_links":{"self":[{"href":"https:\/\/www.caririemacao.com\/1\/wp-json\/wp\/v2\/posts\/143968","targetHints":{"allow":["GET"]}}],"collection":[{"href":"https:\/\/www.caririemacao.com\/1\/wp-json\/wp\/v2\/posts"}],"about":[{"href":"https:\/\/www.caririemacao.com\/1\/wp-json\/wp\/v2\/types\/post"}],"author":[{"embeddable":true,"href":"https:\/\/www.caririemacao.com\/1\/wp-json\/wp\/v2\/users\/1"}],"replies":[{"embeddable":true,"href":"https:\/\/www.caririemacao.com\/1\/wp-json\/wp\/v2\/comments?post=143968"}],"version-history":[{"count":1,"href":"https:\/\/www.caririemacao.com\/1\/wp-json\/wp\/v2\/posts\/143968\/revisions"}],"predecessor-version":[{"id":143969,"href":"https:\/\/www.caririemacao.com\/1\/wp-json\/wp\/v2\/posts\/143968\/revisions\/143969"}],"wp:featuredmedia":[{"embeddable":true,"href":"https:\/\/www.caririemacao.com\/1\/wp-json\/wp\/v2\/media\/7542"}],"wp:attachment":[{"href":"https:\/\/www.caririemacao.com\/1\/wp-json\/wp\/v2\/media?parent=143968"}],"wp:term":[{"taxonomy":"category","embeddable":true,"href":"https:\/\/www.caririemacao.com\/1\/wp-json\/wp\/v2\/categories?post=143968"},{"taxonomy":"post_tag","embeddable":true,"href":"https:\/\/www.caririemacao.com\/1\/wp-json\/wp\/v2\/tags?post=143968"}],"curies":[{"name":"wp","href":"https:\/\/api.w.org\/{rel}","templated":true}]}}