{"id":143976,"date":"2019-12-31T13:22:50","date_gmt":"2019-12-31T16:22:50","guid":{"rendered":"http:\/\/www.caririemacao.com\/1\/?p=143976"},"modified":"2019-12-31T13:22:50","modified_gmt":"2019-12-31T16:22:50","slug":"cantor-sertanejo-sofre-parada-cardiaca-e-morre-durante-show","status":"publish","type":"post","link":"https:\/\/www.caririemacao.com\/1\/2019\/12\/31\/cantor-sertanejo-sofre-parada-cardiaca-e-morre-durante-show\/","title":{"rendered":"Cantor sertanejo sofre parada card\u00edaca e morre durante show"},"content":{"rendered":"\n<p>Juliano Cezar, 59, morreu na madrugada desta ter\u00e7a-feira&nbsp;(31), ap\u00f3s sofrer uma parada card\u00edaca&nbsp;enquanto fazia um show em Uniflor, no interior do Paran\u00e1.<\/p>\n\n\n\n<p>A informa\u00e7\u00e3o&nbsp;foi confirmada oficialmente pelo&nbsp;Explosion&nbsp;Music, escrit\u00f3rio de gerenciamento de carreiras, que lamentou o ocorrido.&nbsp;O vel\u00f3rio ser\u00e1 realizado na cidade natal do cantor, Passos, Minas Gerais.<\/p>\n\n\n\n<p>V\u00eddeos circulam nas redes sociais mostrando o momento exato em que o artista sofreu a parada. No meio de uma m\u00fasica, ele aparenta sentir dor, fica curvado, chega perto dos m\u00fasicos que o acompanhavam, tenta segurar no pedestal e cai no palco. A morte no meio do show provocou como\u00e7\u00e3o entre os f\u00e3s.&nbsp;\u201cEu estou chocada demais porque&nbsp;fui no \u00faltimo show do Juliano Cezar\u201d, escreveu uma&nbsp;das f\u00e3s. \u201cPresenciei ele&nbsp;morrer em Uniflor\u201d, contou outro f\u00e3.<\/p>\n\n\n\n<p>Ele despontou h\u00e1 tr\u00eas d\u00e9cadas com a can\u00e7\u00e3o \u201cN\u00e3o Aprendi Dizer Adeus\u201d, de Joel Marques, depois gravada pela dupla Leandro e Leonardo. Nessa \u00e9poca, ganhou o Pr\u00eamio Sharp como&nbsp;revela\u00e7\u00e3o e foi indicado ao Grammy Latino.<\/p>\n\n\n\n<p>Ao longo de sua trajet\u00f3ria, gravou dez CDs, tr\u00eas DVDs e fez sucesso com m\u00fasicas como \u201cCowboy Vagabundo\u201d e \u201cBem aos Olhos da Lua\u201d.&nbsp;Antes da carreira art\u00edstica, Juliano Cezar foi pe\u00e3o de rodeios e fazendeiro.<\/p>\n\n\n\n<p>No domingo (29), a cantora Andreia Ribeiro tamb\u00e9m morreu ap\u00f3s passar mal no palco, em Jos\u00e9 de Freitas, no Piau\u00ed. Ela teve um mal s\u00fabito durante um show, foi levada ao hospital da cidade e transferida para a UTI do Hospital de Urg\u00eancias de Teresina, mas sofreu paradas card\u00edacas e morreu.<\/p>\n","protected":false},"excerpt":{"rendered":"<p>Juliano Cezar, 59, morreu na madrugada desta ter\u00e7a-feira&nbsp;(31), ap\u00f3s sofrer uma parada card\u00edaca&nbsp;enquanto fazia um show em Uniflor, no interior do Paran\u00e1. A informa\u00e7\u00e3o&nbsp;foi confirmada&hellip; <\/p>\n","protected":false},"author":1,"featured_media":143977,"comment_status":"closed","ping_status":"closed","sticky":false,"template":"","format":"standard","meta":{"sfsi_plus_gutenberg_text_before_share":"","sfsi_plus_gutenberg_show_text_before_share":"","sfsi_plus_gutenberg_icon_type":"","sfsi_plus_gutenberg_icon_alignemt":"","sfsi_plus_gutenburg_max_per_row":"","footnotes":""},"categories":[2],"tags":[],"class_list":["post-143976","post","type-post","status-publish","format-standard","has-post-thumbnail","hentry","category-geral"],"_links":{"self":[{"href":"https:\/\/www.caririemacao.com\/1\/wp-json\/wp\/v2\/posts\/143976","targetHints":{"allow":["GET"]}}],"collection":[{"href":"https:\/\/www.caririemacao.com\/1\/wp-json\/wp\/v2\/posts"}],"about":[{"href":"https:\/\/www.caririemacao.com\/1\/wp-json\/wp\/v2\/types\/post"}],"author":[{"embeddable":true,"href":"https:\/\/www.caririemacao.com\/1\/wp-json\/wp\/v2\/users\/1"}],"replies":[{"embeddable":true,"href":"https:\/\/www.caririemacao.com\/1\/wp-json\/wp\/v2\/comments?post=143976"}],"version-history":[{"count":1,"href":"https:\/\/www.caririemacao.com\/1\/wp-json\/wp\/v2\/posts\/143976\/revisions"}],"predecessor-version":[{"id":143978,"href":"https:\/\/www.caririemacao.com\/1\/wp-json\/wp\/v2\/posts\/143976\/revisions\/143978"}],"wp:featuredmedia":[{"embeddable":true,"href":"https:\/\/www.caririemacao.com\/1\/wp-json\/wp\/v2\/media\/143977"}],"wp:attachment":[{"href":"https:\/\/www.caririemacao.com\/1\/wp-json\/wp\/v2\/media?parent=143976"}],"wp:term":[{"taxonomy":"category","embeddable":true,"href":"https:\/\/www.caririemacao.com\/1\/wp-json\/wp\/v2\/categories?post=143976"},{"taxonomy":"post_tag","embeddable":true,"href":"https:\/\/www.caririemacao.com\/1\/wp-json\/wp\/v2\/tags?post=143976"}],"curies":[{"name":"wp","href":"https:\/\/api.w.org\/{rel}","templated":true}]}}