{"id":143981,"date":"2019-12-31T13:26:24","date_gmt":"2019-12-31T16:26:24","guid":{"rendered":"http:\/\/www.caririemacao.com\/1\/?p=143981"},"modified":"2019-12-31T13:26:24","modified_gmt":"2019-12-31T16:26:24","slug":"descubra-os-significados-das-cores-para-o-ano-novo-de-2020","status":"publish","type":"post","link":"https:\/\/www.caririemacao.com\/1\/2019\/12\/31\/descubra-os-significados-das-cores-para-o-ano-novo-de-2020\/","title":{"rendered":"Descubra os significados das cores para o ano novo de 2020"},"content":{"rendered":"\n<p>Voc\u00ea j\u00e1 decidiu qual roupa vai usar no r\u00e9veillon? E a cor dessa roupa? Seja voc\u00ea uma pessoa que acredita ou n\u00e3o que usar vermelho atrai amor, que amarelo faz ganhar dinheiro e que passar o ano novo de preto d\u00e1 azar, entender o significado das cores pode ajudar a melhorar sua percep\u00e7\u00e3o sobre o tema.<\/p>\n\n\n\n<p>No livro A Psicologia das Cores, a escritora alem\u00e3 e cientista social Eva Heller demonstra como as cores est\u00e3o associadas a sentimentos. Ela entrevistou duas mil pessoas de diversas profiss\u00f5es, com idades entre 14 e 97 anos, na Alemanha, e perguntou sobre as cores prediletas delas, quais menos gostavam, os efeitos que cada cor poderia ter e qual seria a cor t\u00edpica de cada sentimento.<\/p>\n\n\n\n<p>A pesquisadora identificou que 160 diferentes sentimentos e caracter\u00edsticas \u2013 do amor ao \u00f3dio, do otimismo \u00e0 tristeza, da eleg\u00e2ncia \u00e0 fei\u00fara, do moderno ao antiquado \u2013 foram associados a cores espec\u00edficas.<\/p>\n\n\n\n<p>\u201cOs resultados das pesquisas demonstram que cores e sentimentos n\u00e3o se combinam ao acaso nem s\u00e3o uma quest\u00e3o de gosto individual \u2013 s\u00e3o viv\u00eancias comuns que, desde a inf\u00e2ncia, foram ficando profundamente enraizadas em nossa linguagem e em nosso pensamento\u201d, afirma Eva na obra.<\/p>\n\n\n\n<p>Com base nessa investiga\u00e7\u00e3o, a escritora fala sobre algumas cores e o que elas representam.<\/p>\n\n\n\n<h3 class=\"wp-block-heading\">Conhe\u00e7a e significado de cada cor para o r\u00e9veillon 2020<\/h3>\n\n\n\n<h3 class=\"wp-block-heading\">Azul<\/h3>\n\n\n\n<p>Segundo Eva, h\u00e1 111 tons de azul e essa \u00e9 a cor predileta de 46% dos homens e 44% das mulheres que responderam \u00e0 pesquisa. O azul representa simpatia, harmonia e fidelidade, apesar de ser fria e distante. Diferente do que se pensa hoje em dia, essa \u00e9 a cor feminina e das virtudes intelectuais.<\/p>\n\n\n\n<p>S\u00e3o 105 tons dessa cor, que agrada tanto mulheres quanto homens (12% de ambos os g\u00eaneros disseram ser a cor preferida). Como bem entendido pela sociedade, o vermelho significa todas as paix\u00f5es \u2013 do amor ao \u00f3dio. \u00c9 tamb\u00e9m a cor dos reis, da felicidade e do perigo.<\/p>\n\n\n\n<p>O amarelo \u00e9 a cor predileta de 6% dos homens e das mulheres, sendo que as pessoas mais velhas apreciam mais a tonalidade do que os jovens. Segundo Eva, \u201ctodas as cores luminosas v\u00e3o sendo mais apreciadas com a idade\u201d e s\u00e3o 115 tons para escolher. Essa \u00e9 a cor mais contradit\u00f3ria, representa otimismo, ci\u00fame, recrea\u00e7\u00e3o, entendimento e trai\u00e7\u00e3o.<\/p>\n\n\n\n<p>Existem cem tons de verde e, segundo a pesquisa de Eva, essa \u00e9 a cor predileta de 16% dos homens e 15% das mulheres, tamb\u00e9m sendo mais apreciada com a idade, sobretudo pelos homens. \u00c9 a cor da fertilidade, da esperan\u00e7a e da burguesia, mas tamb\u00e9m significa o sagrado.<\/p>\n\n\n\n<p>Pode n\u00e3o parecer, mas existem 50 tons de preto. Embora tenha uma conota\u00e7\u00e3o negativa, simbolizando nega\u00e7\u00e3o, viol\u00eancia e morte, tamb\u00e9m \u00e9 a cor do poder e da eleg\u00e2ncia. Em seu livro, Eva responde por que a roupa preta \u00e9 sempre preferida. \u201cUm vestido preto, assim como um terno preto, produz um efeito delimitativo, confere import\u00e2ncia a quem o veste. Quem se veste de preto n\u00e3o tem necessidade de se tornar interessante pelas cores que usa; para isso, basta sua personalidade\u201d, afirma.<\/p>\n\n\n\n<p>Tamb\u00e9m de forma surpreendente, h\u00e1 67 tons de branco. Essa \u00e9 a cor feminina da inoc\u00eancia, pureza, do bem e dos esp\u00edritos.<\/p>\n\n\n\n<p>Existem 45 tons de laranja, sendo que a cor est\u00e1 associada, segundo o livro de Eva Heller, \u00e0 recrea\u00e7\u00e3o e ao budismo. \u00c9 tamb\u00e9m uma cor ex\u00f3tica e penetrante, embora seja subestimada. Na pesquisa, 3% das mulheres e 2% dos homens citaram a cor laranja como predileta.<\/p>\n\n\n\n<p>Se acordo com Eva, violeta \u00e9 a cor dos sentimentos ambivalentes. \u201cAs pessoas mais a rejeitam do que apreciam\u201d, afirma. Na pesquisa, 12% das mulheres e 9% dos homens disseram que essa \u00e9 a cor que menos apreciam. S\u00e3o 41 tons diferentes, do p\u00farpura do poder \u00e0 cor da teologia, da magia, do feminismo e associado ao movimento gay.<\/p>\n\n\n\n<h3 class=\"wp-block-heading\">Rosa<\/h3>\n\n\n\n<p>H\u00e1 50 tons de rosa, que representa algo doce e delicado, mas ao mesmo tempo chocante. Segundo Eva, 29% dos homens at\u00e9 25 anos citam o rosa como a cor de que menos gostam \u2013 mas somente 7% deles com mais de 50 anos. Por outro lado, 25% das mulheres com menos de 25 anos citam a cor como a que menos lhes agrada \u2013 e 8% das mulheres com mais de 50 anos dizem o mesmo.<\/p>\n\n\n\n<p>Apenas 1% das mulheres citou o ouro como sua cor predileta e nenhum homem disse isso. Para 2% delas e 3% deles, o dourado \u00e9 a cor de que menos gostam. S\u00e3o 19 tons, que representam dinheiro, sorte e luxo.<\/p>\n\n\n\n<p>\u201cDentre todas as cores, a prata \u00e9 a \u00fanica que nos ocorre em \u00faltimo lugar. Apenas 1% dos homens a citou como sua cor predileta \u2013 e nenhuma das mulheres. S\u00e3o 20 tons diferentes que significam velocidade, dinheiro e est\u00e3o relacionados \u00e0 Lua. As informa\u00e7\u00f5es s\u00e3o do Estad\u00e3o.<\/p>\n\n\n\n<h3 class=\"wp-block-heading\">Vermelho<\/h3>\n\n\n\n<ul class=\"wp-block-list\"><li>Paix\u00e3o, entusiasmo e energia.<\/li><\/ul>\n\n\n\n<p>Para dar aquela apimentada na rela\u00e7\u00e3o e atrair mais paix\u00e3o para 2020, o vermelho \u00e9 uma \u00f3tima aposta. Por\u00e9m, n\u00e3o estamos falando apenas da sua vida afetiva j\u00e1 que seus projetos profissionais tamb\u00e9m podem se beneficiar com o calor desta cor. Mas cuidado que o vermelho tamb\u00e9m pode carregar uma boa dose de sentimentos intensos como a raiva e o \u00f3dio.<\/p>\n\n\n\n<h3 class=\"wp-block-heading\">Amarelo<\/h3>\n\n\n\n<ul class=\"wp-block-list\"><li>Concentra\u00e7\u00e3o, boa sorte e disciplina.<\/li><\/ul>\n\n\n\n<p>A cor amarela \u00e9 conhecida por atrair riqueza e prosperidade, ou seja, traz dinheiro no bolso. Mas, al\u00e9m disso, a cor est\u00e1 atrelada \u00e0 felicidade e \u00e0 sorte na vida profissional. O amarelo tamb\u00e9m estimula as atividades mentais e a criatividade, sem falar no aspecto otimista que ele traz para a nossa vida.<\/p>\n\n\n\n<ul class=\"wp-block-list\"><li>Entusiasmo, alegria e sucesso.<\/li><\/ul>\n\n\n\n<p>A cor laranja vem da mistura do vermelho e do amarelo, ou seja, \u00e9 uma cor que transmite entusiasmo e atrai prosperidade. Por isso que, ao utilizar uma pe\u00e7a laranja no ano novo, garantimos um 2020 repleto de alegria, empolga\u00e7\u00e3o, espontaneidade e sucesso. Entretanto, se voc\u00ea passa por momentos de estresse e irrita\u00e7\u00e3o, \u00e9 melhor evitar essa cor, uma vez que ela tem tend\u00eancias de intensificar essas emo\u00e7\u00f5es.<\/p>\n\n\n\n<h3 class=\"wp-block-heading\">Verde<\/h3>\n\n\n\n<ul class=\"wp-block-list\"><li>Equil\u00edbrio, abund\u00e2ncia e esperan\u00e7a.<\/li><\/ul>\n\n\n\n<p>Conhecido como a cor da esperan\u00e7a, o verde \u00e9 simbolizado pela liberdade, pela sa\u00fade e pela vitalidade. Al\u00e9m disso, o verde tamb\u00e9m \u00e9 associado \u00e0 juventude, representando a renova\u00e7\u00e3o e os novos come\u00e7os. A esperan\u00e7a jovial \u00e9 uma forte caracter\u00edstica do tom verde. Por isso, \u00e9 uma \u00f3tima escolha para um 2020 de mais equil\u00edbrio emocional e espiritual.<\/p>\n\n\n\n<h3 class=\"wp-block-heading\">Azul<\/h3>\n\n\n\n<ul class=\"wp-block-list\"><li>Serenidade e purifica\u00e7\u00e3o.<\/li><\/ul>\n\n\n\n<p>A cor azul atrai harmonia e paz para nossas vidas. Al\u00e9m disso, o azul traz mais tranquilidade e serenidade para as almas agitadas e aflitas. Sendo assim, se voc\u00ea busca uma cor que traz seguran\u00e7a, calmaria e tamb\u00e9m criatividade, use e abuse do azul na virada do ano de 2020.<\/p>\n\n\n\n<h3 class=\"wp-block-heading\">Violeta<\/h3>\n\n\n\n<ul class=\"wp-block-list\"><li>Intui\u00e7\u00e3o e espiritualidade.<\/li><\/ul>\n\n\n\n<p>A mistura entre o azul e o vermelho, a cor violeta representa a serenidade e desperta a intensidade da eleva\u00e7\u00e3o espiritual. Al\u00e9m disso, o violeta tamb\u00e9m traz tranquilidade e estimula a criatividade. Caso o seu desejo para no ano de 2020 seja a (re)aproxima\u00e7\u00e3o religiosa e m\u00edstica, a cor violeta \u00e9 boa op\u00e7\u00e3o.<\/p>\n\n\n\n<h3 class=\"wp-block-heading\">Rosa<\/h3>\n\n\n\n<ul class=\"wp-block-list\"><li>Amor e amizade.<\/li><\/ul>\n\n\n\n<p>Todo mundo sabe que a cor rosa \u00e9 o s\u00edmbolo do amor eterno. Isso porque o rosa est\u00e1 associado \u00e0 humildade e amizade, sentimentos indispens\u00e1veis para conquistar um amor verdadeiro. Al\u00e9m disso, o rosa inspira afeto e compreens\u00e3o, ou seja, essa \u00e9 a cor para quem busca viver um grande amor em 2020.<\/p>\n\n\n\n<h3 class=\"wp-block-heading\">Branco<\/h3>\n\n\n\n<ul class=\"wp-block-list\"><li>Purifica\u00e7\u00e3o e transforma\u00e7\u00e3o<\/li><\/ul>\n\n\n\n<p>A cor queridinha para o r\u00e9veillon, o branco \u00e9 a cor simboliza a purifica\u00e7\u00e3o e as mudan\u00e7as espirituais, por isso, \u00e9 sempre atrelada \u00e0 paz e a calmaria. Dessa maneira, se voc\u00ea busca um 2020 mais iluminado e cheio de experi\u00eancias m\u00edsticas que trazem paz de esp\u00edrito, aposte no branco para a passagem de ano.<\/p>\n\n\n\n<h3 class=\"wp-block-heading\">Preto<\/h3>\n\n\n\n<ul class=\"wp-block-list\"><li>Conclus\u00e3o e dignidade.<\/li><\/ul>\n\n\n\n<p>Muitas vezes, a cor preto \u00e9 representada pela morte e pelo luto, por isso, \u00e9 interpretada como um ciclo que se fecha e um per\u00edodo de conclus\u00e3o de uma fase da sua vida. O preto tamb\u00e9m pode ser associado ao respeito \u00e0 dignidade e a integridade humana. Ou seja, se voc\u00ea busca mais consci\u00eancia ao seu valor em 2020, utilize pe\u00e7as de roupas ou acess\u00f3rios pretos.<\/p>\n","protected":false},"excerpt":{"rendered":"<p>Voc\u00ea j\u00e1 decidiu qual roupa vai usar no r\u00e9veillon? E a cor dessa roupa? Seja voc\u00ea uma pessoa que acredita ou n\u00e3o que usar vermelho&hellip; <\/p>\n","protected":false},"author":1,"featured_media":143982,"comment_status":"closed","ping_status":"closed","sticky":false,"template":"","format":"standard","meta":{"sfsi_plus_gutenberg_text_before_share":"","sfsi_plus_gutenberg_show_text_before_share":"","sfsi_plus_gutenberg_icon_type":"","sfsi_plus_gutenberg_icon_alignemt":"","sfsi_plus_gutenburg_max_per_row":"","footnotes":""},"categories":[2],"tags":[],"class_list":["post-143981","post","type-post","status-publish","format-standard","has-post-thumbnail","hentry","category-geral"],"_links":{"self":[{"href":"https:\/\/www.caririemacao.com\/1\/wp-json\/wp\/v2\/posts\/143981","targetHints":{"allow":["GET"]}}],"collection":[{"href":"https:\/\/www.caririemacao.com\/1\/wp-json\/wp\/v2\/posts"}],"about":[{"href":"https:\/\/www.caririemacao.com\/1\/wp-json\/wp\/v2\/types\/post"}],"author":[{"embeddable":true,"href":"https:\/\/www.caririemacao.com\/1\/wp-json\/wp\/v2\/users\/1"}],"replies":[{"embeddable":true,"href":"https:\/\/www.caririemacao.com\/1\/wp-json\/wp\/v2\/comments?post=143981"}],"version-history":[{"count":1,"href":"https:\/\/www.caririemacao.com\/1\/wp-json\/wp\/v2\/posts\/143981\/revisions"}],"predecessor-version":[{"id":143983,"href":"https:\/\/www.caririemacao.com\/1\/wp-json\/wp\/v2\/posts\/143981\/revisions\/143983"}],"wp:featuredmedia":[{"embeddable":true,"href":"https:\/\/www.caririemacao.com\/1\/wp-json\/wp\/v2\/media\/143982"}],"wp:attachment":[{"href":"https:\/\/www.caririemacao.com\/1\/wp-json\/wp\/v2\/media?parent=143981"}],"wp:term":[{"taxonomy":"category","embeddable":true,"href":"https:\/\/www.caririemacao.com\/1\/wp-json\/wp\/v2\/categories?post=143981"},{"taxonomy":"post_tag","embeddable":true,"href":"https:\/\/www.caririemacao.com\/1\/wp-json\/wp\/v2\/tags?post=143981"}],"curies":[{"name":"wp","href":"https:\/\/api.w.org\/{rel}","templated":true}]}}