{"id":144175,"date":"2020-01-02T11:46:39","date_gmt":"2020-01-02T14:46:39","guid":{"rendered":"http:\/\/www.caririemacao.com\/1\/?p=144175"},"modified":"2020-01-02T11:46:39","modified_gmt":"2020-01-02T14:46:39","slug":"medias-empresas-concluem-migracao-para-esocial","status":"publish","type":"post","link":"https:\/\/www.caririemacao.com\/1\/2020\/01\/02\/medias-empresas-concluem-migracao-para-esocial\/","title":{"rendered":"M\u00e9dias empresas concluem migra\u00e7\u00e3o para eSocial"},"content":{"rendered":"\n<p>Sistema informatizado de presta\u00e7\u00e3o de informa\u00e7\u00f5es de empresas e trabalhadores, o eSocial se torna completamente obrigat\u00f3rio para os m\u00e9dios empregadores a partir desta quinta (2). Cerca de 1,24 milh\u00e3o de m\u00e9dias empresas, que faturam at\u00e9 R$ 78 milh\u00f5es por ano, dever\u00e3o inserir os dados de sa\u00fade e de seguran\u00e7a de 21 milh\u00f5es de trabalhadores na ferramenta. As informa\u00e7\u00f5es s\u00e3o da Ag\u00eancia Brasil.<\/p>\n\n\n\n<p>Essa era a \u00faltima etapa que faltava para as m\u00e9dias empresas conclu\u00edrem a migra\u00e7\u00e3o para o eSocial, que reduz a burocracia e elimina a manuten\u00e7\u00e3o de arquivos em papel. Tamb\u00e9m nesta quinta, os \u00f3rg\u00e3os p\u00fablicos e os organismos internacionais come\u00e7ar\u00e3o a transi\u00e7\u00e3o para o eSocial, com o cadastro dos dados dos empregadores e das tabelas no sistema.<\/p>\n\n\n\n<p>O empregador que n\u00e3o cumprir os prazos estipulados para a ades\u00e3o ao eSocial estar\u00e1 sujeito a puni\u00e7\u00f5es previstas na legisla\u00e7\u00e3o. O desrespeito ao cronograma poder\u00e1 prejudicar os trabalhadores, que ter\u00e3o dificuldade para receber benef\u00edcios sociais e trabalhistas caso o empregador n\u00e3o preste as informa\u00e7\u00f5es nas datas corretas.<\/p>\n\n\n\n<p>Administrado pela Receita Federal, o eSocial elimina 15 informa\u00e7\u00f5es peri\u00f3dicas que os empregadores eram obrigados a fornecer ao governo. Adotado para empregadores dom\u00e9sticos em 2015, o eSocial est\u00e1 sendo expandido gradualmente para todas as empresas e organiza\u00e7\u00f5es at\u00e9 janeiro de 2021.<\/p>\n\n\n\n<p>A ades\u00e3o das grandes empresas foi conclu\u00edda em agosto do ano passado, quando as contribui\u00e7\u00f5es para a Previd\u00eancia Social e o recolhimento do Fundo de Garantia do Tempo de Servi\u00e7o passaram a ser feitos pelo sistema. As micro e pequenas empresas optantes do Simples Nacional, os produtores rurais, os empregadores pessoas f\u00edsicas e as entidades sem fins lucrativos concluir\u00e3o a migra\u00e7\u00e3o para o eSocial em julho deste ano.<\/p>\n","protected":false},"excerpt":{"rendered":"<p>Sistema informatizado de presta\u00e7\u00e3o de informa\u00e7\u00f5es de empresas e trabalhadores, o eSocial se torna completamente obrigat\u00f3rio para os m\u00e9dios empregadores a partir desta quinta (2).&hellip; <\/p>\n","protected":false},"author":1,"featured_media":7025,"comment_status":"closed","ping_status":"closed","sticky":false,"template":"","format":"standard","meta":{"sfsi_plus_gutenberg_text_before_share":"","sfsi_plus_gutenberg_show_text_before_share":"","sfsi_plus_gutenberg_icon_type":"","sfsi_plus_gutenberg_icon_alignemt":"","sfsi_plus_gutenburg_max_per_row":"","footnotes":""},"categories":[2],"tags":[],"class_list":["post-144175","post","type-post","status-publish","format-standard","has-post-thumbnail","hentry","category-geral"],"_links":{"self":[{"href":"https:\/\/www.caririemacao.com\/1\/wp-json\/wp\/v2\/posts\/144175","targetHints":{"allow":["GET"]}}],"collection":[{"href":"https:\/\/www.caririemacao.com\/1\/wp-json\/wp\/v2\/posts"}],"about":[{"href":"https:\/\/www.caririemacao.com\/1\/wp-json\/wp\/v2\/types\/post"}],"author":[{"embeddable":true,"href":"https:\/\/www.caririemacao.com\/1\/wp-json\/wp\/v2\/users\/1"}],"replies":[{"embeddable":true,"href":"https:\/\/www.caririemacao.com\/1\/wp-json\/wp\/v2\/comments?post=144175"}],"version-history":[{"count":1,"href":"https:\/\/www.caririemacao.com\/1\/wp-json\/wp\/v2\/posts\/144175\/revisions"}],"predecessor-version":[{"id":144177,"href":"https:\/\/www.caririemacao.com\/1\/wp-json\/wp\/v2\/posts\/144175\/revisions\/144177"}],"wp:featuredmedia":[{"embeddable":true,"href":"https:\/\/www.caririemacao.com\/1\/wp-json\/wp\/v2\/media\/7025"}],"wp:attachment":[{"href":"https:\/\/www.caririemacao.com\/1\/wp-json\/wp\/v2\/media?parent=144175"}],"wp:term":[{"taxonomy":"category","embeddable":true,"href":"https:\/\/www.caririemacao.com\/1\/wp-json\/wp\/v2\/categories?post=144175"},{"taxonomy":"post_tag","embeddable":true,"href":"https:\/\/www.caririemacao.com\/1\/wp-json\/wp\/v2\/tags?post=144175"}],"curies":[{"name":"wp","href":"https:\/\/api.w.org\/{rel}","templated":true}]}}