{"id":144189,"date":"2020-01-02T12:44:58","date_gmt":"2020-01-02T15:44:58","guid":{"rendered":"http:\/\/www.caririemacao.com\/1\/?p=144189"},"modified":"2020-01-02T12:44:58","modified_gmt":"2020-01-02T15:44:58","slug":"projeto-praia-limpa-2020-tera-inicio-nesta-sexta-feira","status":"publish","type":"post","link":"https:\/\/www.caririemacao.com\/1\/2020\/01\/02\/projeto-praia-limpa-2020-tera-inicio-nesta-sexta-feira\/","title":{"rendered":"Projeto Praia Limpa 2020 ter\u00e1 in\u00edcio nesta sexta-feira"},"content":{"rendered":"\n<p> Come\u00e7am nesta sexta-feira (3) as atividades do projeto Praia Limpa 2020. A a\u00e7\u00e3o, de iniciativa da Superintend\u00eancia de Administra\u00e7\u00e3o do Meio Ambiente (Sudema), ocorrer\u00e1 na orla das praias de Tamba\u00fa e Cabo Branco, come\u00e7ando por volta das 9h, e seguir\u00e1 durante toda a manh\u00e3.\u00a0 \u00a0<\/p>\n\n\n\n<p>\u201cFaremos uma blitz ambiental com distribui\u00e7\u00e3o de &#8216;lixocar&#8217; e orienta\u00e7\u00f5es sobre o descarte correto de res\u00edduos. Procuraremos educar tamb\u00e9m quanto \u00e0 quest\u00e3o da polui\u00e7\u00e3o sonora e o descarte do \u00f3leo usado por bares e restaurantes\u201d, comentou a coordenadora de Educa\u00e7\u00e3o Ambiental da Sudema, Taciana Wanderley Cirilo. Al\u00e9m disso, a equipe distribuir\u00e1 sacolas biodegrad\u00e1veis aos banhistas.<\/p>\n\n\n\n<p>A a\u00e7\u00e3o desta sexta ser\u00e1 a primeira do projeto Praia Limpa deste ano. O cronograma completo de atividades ser\u00e1 divulgado nos pr\u00f3ximos dias, no site da Sudema.<\/p>\n","protected":false},"excerpt":{"rendered":"<p>Come\u00e7am nesta sexta-feira (3) as atividades do projeto Praia Limpa 2020. A a\u00e7\u00e3o, de iniciativa da Superintend\u00eancia de Administra\u00e7\u00e3o do Meio Ambiente (Sudema), ocorrer\u00e1 na&hellip; <\/p>\n","protected":false},"author":1,"featured_media":144190,"comment_status":"closed","ping_status":"closed","sticky":false,"template":"","format":"standard","meta":{"sfsi_plus_gutenberg_text_before_share":"","sfsi_plus_gutenberg_show_text_before_share":"","sfsi_plus_gutenberg_icon_type":"","sfsi_plus_gutenberg_icon_alignemt":"","sfsi_plus_gutenburg_max_per_row":"","footnotes":""},"categories":[2],"tags":[],"class_list":["post-144189","post","type-post","status-publish","format-standard","has-post-thumbnail","hentry","category-geral"],"_links":{"self":[{"href":"https:\/\/www.caririemacao.com\/1\/wp-json\/wp\/v2\/posts\/144189","targetHints":{"allow":["GET"]}}],"collection":[{"href":"https:\/\/www.caririemacao.com\/1\/wp-json\/wp\/v2\/posts"}],"about":[{"href":"https:\/\/www.caririemacao.com\/1\/wp-json\/wp\/v2\/types\/post"}],"author":[{"embeddable":true,"href":"https:\/\/www.caririemacao.com\/1\/wp-json\/wp\/v2\/users\/1"}],"replies":[{"embeddable":true,"href":"https:\/\/www.caririemacao.com\/1\/wp-json\/wp\/v2\/comments?post=144189"}],"version-history":[{"count":1,"href":"https:\/\/www.caririemacao.com\/1\/wp-json\/wp\/v2\/posts\/144189\/revisions"}],"predecessor-version":[{"id":144191,"href":"https:\/\/www.caririemacao.com\/1\/wp-json\/wp\/v2\/posts\/144189\/revisions\/144191"}],"wp:featuredmedia":[{"embeddable":true,"href":"https:\/\/www.caririemacao.com\/1\/wp-json\/wp\/v2\/media\/144190"}],"wp:attachment":[{"href":"https:\/\/www.caririemacao.com\/1\/wp-json\/wp\/v2\/media?parent=144189"}],"wp:term":[{"taxonomy":"category","embeddable":true,"href":"https:\/\/www.caririemacao.com\/1\/wp-json\/wp\/v2\/categories?post=144189"},{"taxonomy":"post_tag","embeddable":true,"href":"https:\/\/www.caririemacao.com\/1\/wp-json\/wp\/v2\/tags?post=144189"}],"curies":[{"name":"wp","href":"https:\/\/api.w.org\/{rel}","templated":true}]}}