{"id":144193,"date":"2020-01-02T12:50:28","date_gmt":"2020-01-02T15:50:28","guid":{"rendered":"http:\/\/www.caririemacao.com\/1\/?p=144193"},"modified":"2020-01-02T12:50:28","modified_gmt":"2020-01-02T15:50:28","slug":"fundo-eleitoral-temos-de-preparar-a-opiniao-publica-diz-bolsonaro","status":"publish","type":"post","link":"https:\/\/www.caririemacao.com\/1\/2020\/01\/02\/fundo-eleitoral-temos-de-preparar-a-opiniao-publica-diz-bolsonaro\/","title":{"rendered":"Fundo Eleitoral: &#8220;Temos de preparar a opini\u00e3o p\u00fablica&#8221;, diz Bolsonaro"},"content":{"rendered":"\n<p>\u00a0O presidente Jair Bolsonaro disse\u00a0hoje\u00a0(2) que, antes de decidir sobre eventual veto ou n\u00e3o o Fundo Eleitoral aprovado pelo Congresso Nacional, \u00e9 preciso preparar a opini\u00e3o p\u00fablica para uma decis\u00e3o que ser\u00e1 tomada de forma a respeitar o que est\u00e1 previsto na Constitui\u00e7\u00e3o \u2013 em especial no Artigo 85, que aponta os atos presidenciais que podem ser classificados como crime de responsabilidade.<\/p>\n\n\n\n<p>Em dezembro, o Congresso Nacional&nbsp;<a href=\"http:\/\/agenciabrasil.ebc.com.br\/politica\/noticia\/2019-12\/congresso-nacional-aprova-texto-base-do-orcamento-para-2020\" target=\"_blank\" rel=\"noreferrer noopener\">aprovou<\/a>&nbsp;o Or\u00e7amento para 2020 com a previs\u00e3o de R$ 2 bilh\u00f5es para o Fundo Eleitoral. O texto seguiu, ent\u00e3o, para an\u00e1lise do presidente da Rep\u00fablica. \u201cO veto ou a san\u00e7\u00e3o \u00e9 uma obedi\u00eancia \u00e0 lei. Se voc\u00ea ler o Artigo 85 da Constitui\u00e7\u00e3o, vai ver que, se n\u00e3o respeitar a lei, estou em curso de crime de responsabilidade. O que posso dizer \u00e9 isso. A conclus\u00e3o agora \u00e9 de voc\u00eas. Porque \u00e9 o seguinte: temos de preparar a opini\u00e3o p\u00fablica. Caso contr\u00e1rio, voc\u00eas [da m\u00eddia] me massacram; arrebentam comigo\u201d, disse Bolsonaro ao deixar o Pal\u00e1cio do Alvorada, a caminho do Pal\u00e1cio do Planalto.<\/p>\n\n\n\n<p>O artigo citado por Bolsonaro enumera quais atos do presidente podem ser classificados como crimes de responsabilidade, ao atentar contra a Constitui\u00e7\u00e3o. Entre eles est\u00e3o os atos contra a Lei Or\u00e7ament\u00e1ria e contra o livre exerc\u00edcio do Poder Legislativo, do Poder Judici\u00e1rio, do Minist\u00e9rio P\u00fablico e dos Poderes constitucionais das unidades da Federa\u00e7\u00e3o.<\/p>\n\n\n\n<h2 class=\"wp-block-heading\">Sal\u00e1rio m\u00ednimo<\/h2>\n\n\n\n<p>Bolsonaro comentou tamb\u00e9m a medida provis\u00f3ria (MP) que prev\u00ea o aumento do sal\u00e1rio m\u00ednimo, que passar\u00e1 de R$ 998 para R$ 1.039. \u201cEu queria que botassem R$ 10 mil por m\u00eas, mas tem de saber de onde vai vir o dinheiro\u201d, disse o presidente. Segundo ele, o reajuste dado &#8220;foi acima do que seria se a lei do PT estivesse em vigor&#8221;.<\/p>\n\n\n\n<p>O&nbsp;<a href=\"http:\/\/agenciabrasil.ebc.com.br\/economia\/noticia\/2019-12\/salario-minimo-sera-de-r-1039-em-2020\" target=\"_blank\" rel=\"noreferrer noopener\">novo valor do sal\u00e1rio m\u00ednimo<\/a>&nbsp;corresponde ao reajuste da infla\u00e7\u00e3o do ano, que encerrou 2019 em 4,1%, segundo o \u00cdndice Nacional do Pre\u00e7os ao Consumidor (INPC), calculado pelo Instituto Brasileiro de Geografia e Estat\u00edstica (IBGE).<\/p>\n","protected":false},"excerpt":{"rendered":"<p>\u00a0O presidente Jair Bolsonaro disse\u00a0hoje\u00a0(2) que, antes de decidir sobre eventual veto ou n\u00e3o o Fundo Eleitoral aprovado pelo Congresso Nacional, \u00e9 preciso preparar a&hellip; <\/p>\n","protected":false},"author":1,"featured_media":143485,"comment_status":"closed","ping_status":"closed","sticky":false,"template":"","format":"standard","meta":{"sfsi_plus_gutenberg_text_before_share":"","sfsi_plus_gutenberg_show_text_before_share":"","sfsi_plus_gutenberg_icon_type":"","sfsi_plus_gutenberg_icon_alignemt":"","sfsi_plus_gutenburg_max_per_row":"","footnotes":""},"categories":[11],"tags":[],"class_list":["post-144193","post","type-post","status-publish","format-standard","has-post-thumbnail","hentry","category-politica"],"_links":{"self":[{"href":"https:\/\/www.caririemacao.com\/1\/wp-json\/wp\/v2\/posts\/144193","targetHints":{"allow":["GET"]}}],"collection":[{"href":"https:\/\/www.caririemacao.com\/1\/wp-json\/wp\/v2\/posts"}],"about":[{"href":"https:\/\/www.caririemacao.com\/1\/wp-json\/wp\/v2\/types\/post"}],"author":[{"embeddable":true,"href":"https:\/\/www.caririemacao.com\/1\/wp-json\/wp\/v2\/users\/1"}],"replies":[{"embeddable":true,"href":"https:\/\/www.caririemacao.com\/1\/wp-json\/wp\/v2\/comments?post=144193"}],"version-history":[{"count":1,"href":"https:\/\/www.caririemacao.com\/1\/wp-json\/wp\/v2\/posts\/144193\/revisions"}],"predecessor-version":[{"id":144195,"href":"https:\/\/www.caririemacao.com\/1\/wp-json\/wp\/v2\/posts\/144193\/revisions\/144195"}],"wp:featuredmedia":[{"embeddable":true,"href":"https:\/\/www.caririemacao.com\/1\/wp-json\/wp\/v2\/media\/143485"}],"wp:attachment":[{"href":"https:\/\/www.caririemacao.com\/1\/wp-json\/wp\/v2\/media?parent=144193"}],"wp:term":[{"taxonomy":"category","embeddable":true,"href":"https:\/\/www.caririemacao.com\/1\/wp-json\/wp\/v2\/categories?post=144193"},{"taxonomy":"post_tag","embeddable":true,"href":"https:\/\/www.caririemacao.com\/1\/wp-json\/wp\/v2\/tags?post=144193"}],"curies":[{"name":"wp","href":"https:\/\/api.w.org\/{rel}","templated":true}]}}