{"id":144205,"date":"2020-01-02T13:33:25","date_gmt":"2020-01-02T16:33:25","guid":{"rendered":"http:\/\/www.caririemacao.com\/1\/?p=144205"},"modified":"2020-01-02T13:33:25","modified_gmt":"2020-01-02T16:33:25","slug":"prefeita-anna-lorena-emite-nota-de-felicitacoes-para-o-ano-de-2020","status":"publish","type":"post","link":"https:\/\/www.caririemacao.com\/1\/2020\/01\/02\/prefeita-anna-lorena-emite-nota-de-felicitacoes-para-o-ano-de-2020\/","title":{"rendered":"Prefeita Anna Lorena emite nota de felicita\u00e7\u00f5es para o ano de 2020"},"content":{"rendered":"\n<p> A prefeita do munic\u00edpio de Monteiro, Anna Lorena, emitiu na manh\u00e3 desta ter\u00e7a-feira, 31, uma mensagem destinada a todos os moneteirenses, agradecendo por mais um ano de trabalho e felicitando por mais um ano que se inicia.Confira a nota na \u00edntegra:Caros amigos, colegas de trabalho e todas as fam\u00edlias monteirenses, sabemos que este ano de 2019 que se encerra em poucas horas foi de muito trabalho e um esfor\u00e7o imenso. Nas pr\u00f3ximas horas todos ficamos mais pensativos a respeito de novos 365 dias que vir\u00e3o.Colocamos toda a nossa f\u00e9 em novos dias que vir\u00e3o com novas conquistas conseguidas atrav\u00e9s de batalhas, ficamos agradecidos por poder finalizar mais um ciclo e com ele todo o aprendizado adquirido e uma renova\u00e7\u00e3o na esperan\u00e7a.Nossa t\u00e3o amada Monteiro vem passando por transforma\u00e7\u00f5es, nosso povo vem evoluindo a cada dia, batalhando por um espa\u00e7o ao sol. S\u00e3o novos profissionais no mercado, mais pessoas que podem sonhar com um futuro melhor. Assim com este exemplo \u00e9 que mencionamos nossa imensa vontade de lutar cada vez mais pela nossa gente e pela nossa cidade.Meus votos para cada um monteirense, seja ele nascido ou acolhido, \u00e9 que o novo ano que se inicia chegue e traga muita paz, esperan\u00e7a e sa\u00fade,al\u00e9m de sentimentos de amor, paz, solidariedade e f\u00e9.Um 2020 com dias cada vez melhores!Anna Lorena de Farias Leite N\u00f3bregaPrefeita de MonteiroSECOM<\/p>\n","protected":false},"excerpt":{"rendered":"<p>A prefeita do munic\u00edpio de Monteiro, Anna Lorena, emitiu na manh\u00e3 desta ter\u00e7a-feira, 31, uma mensagem destinada a todos os moneteirenses, agradecendo por mais um&hellip; <\/p>\n","protected":false},"author":1,"featured_media":17531,"comment_status":"closed","ping_status":"closed","sticky":false,"template":"","format":"standard","meta":{"sfsi_plus_gutenberg_text_before_share":"","sfsi_plus_gutenberg_show_text_before_share":"","sfsi_plus_gutenberg_icon_type":"","sfsi_plus_gutenberg_icon_alignemt":"","sfsi_plus_gutenburg_max_per_row":"","footnotes":""},"categories":[50,2],"tags":[],"class_list":["post-144205","post","type-post","status-publish","format-standard","has-post-thumbnail","hentry","category-destaque","category-geral"],"_links":{"self":[{"href":"https:\/\/www.caririemacao.com\/1\/wp-json\/wp\/v2\/posts\/144205","targetHints":{"allow":["GET"]}}],"collection":[{"href":"https:\/\/www.caririemacao.com\/1\/wp-json\/wp\/v2\/posts"}],"about":[{"href":"https:\/\/www.caririemacao.com\/1\/wp-json\/wp\/v2\/types\/post"}],"author":[{"embeddable":true,"href":"https:\/\/www.caririemacao.com\/1\/wp-json\/wp\/v2\/users\/1"}],"replies":[{"embeddable":true,"href":"https:\/\/www.caririemacao.com\/1\/wp-json\/wp\/v2\/comments?post=144205"}],"version-history":[{"count":1,"href":"https:\/\/www.caririemacao.com\/1\/wp-json\/wp\/v2\/posts\/144205\/revisions"}],"predecessor-version":[{"id":144206,"href":"https:\/\/www.caririemacao.com\/1\/wp-json\/wp\/v2\/posts\/144205\/revisions\/144206"}],"wp:featuredmedia":[{"embeddable":true,"href":"https:\/\/www.caririemacao.com\/1\/wp-json\/wp\/v2\/media\/17531"}],"wp:attachment":[{"href":"https:\/\/www.caririemacao.com\/1\/wp-json\/wp\/v2\/media?parent=144205"}],"wp:term":[{"taxonomy":"category","embeddable":true,"href":"https:\/\/www.caririemacao.com\/1\/wp-json\/wp\/v2\/categories?post=144205"},{"taxonomy":"post_tag","embeddable":true,"href":"https:\/\/www.caririemacao.com\/1\/wp-json\/wp\/v2\/tags?post=144205"}],"curies":[{"name":"wp","href":"https:\/\/api.w.org\/{rel}","templated":true}]}}