{"id":144209,"date":"2020-01-02T14:07:47","date_gmt":"2020-01-02T17:07:47","guid":{"rendered":"http:\/\/www.caririemacao.com\/1\/?p=144209"},"modified":"2020-01-02T14:07:47","modified_gmt":"2020-01-02T17:07:47","slug":"frozen-2-estreia-nos-principais-cinemas-da-paraiba","status":"publish","type":"post","link":"https:\/\/www.caririemacao.com\/1\/2020\/01\/02\/frozen-2-estreia-nos-principais-cinemas-da-paraiba\/","title":{"rendered":"Frozen 2&#8242; estreia nos principais cinemas da Para\u00edba"},"content":{"rendered":"\n<p>Os primeiros dias do ano s\u00e3o bem gelados nas salas de cinema. Neste ver\u00e3o de temperaturas elevadas, a anima\u00e7\u00e3o &#8220;Frozen 2&#8221; \u00e9 a grande aposta da Disney para embalar o per\u00edodo de f\u00e9rias escolares.&nbsp;<\/p>\n\n\n\n<p>O filme \u00e9 a principal estreia desta quinta-feira, 2 de janeiro, que ainda traz os lan\u00e7amentos de &#8220;O farol&#8221; e &#8220;O caso Richard Jewell&#8221;.<\/p>\n\n\n\n<p>Na Para\u00edba, o filme estreia nas telas dos principais cinemas.<\/p>\n\n\n\n<figure><iframe width=\"500\" height=\"281\" data-src=\"https:\/\/www.youtube.com\/embed\/TTIbWKEUPnc\" allowfullscreen=\"\" src=\"data:image\/svg+xml;base64,PHN2ZyB3aWR0aD0iMSIgaGVpZ2h0PSIxIiB4bWxucz0iaHR0cDovL3d3dy53My5vcmcvMjAwMC9zdmciPjwvc3ZnPg==\" class=\"lazyload\" data-load-mode=\"1\"><\/iframe><\/figure>\n\n\n\n<p>No v\u00eddeo, Elsa recebe um chamado misterioso para uma aventura na floresta encantada.<\/p>\n\n\n\n<p>Anna, Olaf, Kristoff e Sven seguem a rainha na jornada perigosa, ligada \u00e0 origem de seus poderes m\u00e1gicos.<br>Kristen Bell (&#8220;The Good Place&#8221;) faz a voz de Anna. Idina Menzel (de &#8220;Glee&#8221; e &#8220;Encantada&#8221;) dubla Elsa. Sterling K. Brown, Jonathan Groff e Evan Rachel Wood tamb\u00e9m est\u00e3o no elenco. A vers\u00e3o dublada tem F\u00e1bio Porchat como Olaf.<\/p>\n","protected":false},"excerpt":{"rendered":"<p>Os primeiros dias do ano s\u00e3o bem gelados nas salas de cinema. Neste ver\u00e3o de temperaturas elevadas, a anima\u00e7\u00e3o &#8220;Frozen 2&#8221; \u00e9 a grande aposta&hellip; <\/p>\n","protected":false},"author":1,"featured_media":144210,"comment_status":"closed","ping_status":"closed","sticky":false,"template":"","format":"standard","meta":{"sfsi_plus_gutenberg_text_before_share":"","sfsi_plus_gutenberg_show_text_before_share":"","sfsi_plus_gutenberg_icon_type":"","sfsi_plus_gutenberg_icon_alignemt":"","sfsi_plus_gutenburg_max_per_row":"","footnotes":""},"categories":[2],"tags":[],"class_list":["post-144209","post","type-post","status-publish","format-standard","has-post-thumbnail","hentry","category-geral"],"_links":{"self":[{"href":"https:\/\/www.caririemacao.com\/1\/wp-json\/wp\/v2\/posts\/144209","targetHints":{"allow":["GET"]}}],"collection":[{"href":"https:\/\/www.caririemacao.com\/1\/wp-json\/wp\/v2\/posts"}],"about":[{"href":"https:\/\/www.caririemacao.com\/1\/wp-json\/wp\/v2\/types\/post"}],"author":[{"embeddable":true,"href":"https:\/\/www.caririemacao.com\/1\/wp-json\/wp\/v2\/users\/1"}],"replies":[{"embeddable":true,"href":"https:\/\/www.caririemacao.com\/1\/wp-json\/wp\/v2\/comments?post=144209"}],"version-history":[{"count":1,"href":"https:\/\/www.caririemacao.com\/1\/wp-json\/wp\/v2\/posts\/144209\/revisions"}],"predecessor-version":[{"id":144211,"href":"https:\/\/www.caririemacao.com\/1\/wp-json\/wp\/v2\/posts\/144209\/revisions\/144211"}],"wp:featuredmedia":[{"embeddable":true,"href":"https:\/\/www.caririemacao.com\/1\/wp-json\/wp\/v2\/media\/144210"}],"wp:attachment":[{"href":"https:\/\/www.caririemacao.com\/1\/wp-json\/wp\/v2\/media?parent=144209"}],"wp:term":[{"taxonomy":"category","embeddable":true,"href":"https:\/\/www.caririemacao.com\/1\/wp-json\/wp\/v2\/categories?post=144209"},{"taxonomy":"post_tag","embeddable":true,"href":"https:\/\/www.caririemacao.com\/1\/wp-json\/wp\/v2\/tags?post=144209"}],"curies":[{"name":"wp","href":"https:\/\/api.w.org\/{rel}","templated":true}]}}