{"id":144221,"date":"2020-01-02T14:19:18","date_gmt":"2020-01-02T17:19:18","guid":{"rendered":"http:\/\/www.caririemacao.com\/1\/?p=144221"},"modified":"2020-01-02T14:19:18","modified_gmt":"2020-01-02T17:19:18","slug":"matriculas-da-rede-municipal-de-ensino-comecam-nesta-segunda-em-monteiro","status":"publish","type":"post","link":"https:\/\/www.caririemacao.com\/1\/2020\/01\/02\/matriculas-da-rede-municipal-de-ensino-comecam-nesta-segunda-em-monteiro\/","title":{"rendered":"Matr\u00edculas da Rede Municipal de ensino come\u00e7am nesta segunda em Monteiro"},"content":{"rendered":"\n<p>As matr\u00edculas na Rede Municipal de ensino do munic\u00edpio de Monteiro come\u00e7am nesta segunda-feira, 06 de janeiro, conforme cronograma elaborado pela Secretaria de Educa\u00e7\u00e3o do munic\u00edpio.Os pais de alunos interessados em matricular seus filhos devem procurar as escolas mais pr\u00f3ximas de suas resid\u00eancias, a partir desta segunda-feira, 06, at\u00e9 a sexta-feira, 10 de janeiro, munido dos seguintes documentos: CPF do aluno, Registro de Nascimento, Cart\u00e3o do SUS, Cart\u00e3o do Programa Bolsa Fam\u00edlia, Cart\u00e3o de Vacina\u00e7\u00e3o atualizado, 2 fotos 3\u00d74, Transfer\u00eancia ou Declara\u00e7\u00e3o Escolar e Comprovante de Resid\u00eancia.No caso das matr\u00edculas para as Creches do munic\u00edpio, os pais devem apresentar tamb\u00e9m a Declara\u00e7\u00e3o do local do trabalho da m\u00e3e.<\/p>\n\n\n\n<div class=\"wp-block-image\"><figure class=\"alignleft\"><img decoding=\"async\" data-src=\"https:\/\/i1.wp.com\/www.vitrinedocariri.com.br\/wp-content\/uploads\/2019\/01\/Educa%C3%A7%C3%A3o-Infantil2.jpg?zoom=2&amp;resize=330%2C219&amp;ssl=1\" alt=\"\" class=\"wp-image-32147 lazyload\" src=\"data:image\/svg+xml;base64,PHN2ZyB3aWR0aD0iMSIgaGVpZ2h0PSIxIiB4bWxucz0iaHR0cDovL3d3dy53My5vcmcvMjAwMC9zdmciPjwvc3ZnPg==\" \/><\/figure><\/div>\n\n\n\n<p>\u201cJ\u00e1 estamos prontos para iniciar mais um ano de muitas descobertas e aprendizado. Aguardamos os novatos com todo o carinho para que possamos trilhar um lindo caminho de aprendizado\u201d, comenta a secret\u00e1ria da pasta, Ana Lima.Em 2020, a Secretaria Municipal de Educa\u00e7\u00e3o ofertar\u00e1 aproximadamente 150 novas vagas para da Educa\u00e7\u00e3o Infantil ao Ensino Fundamental II, em 18 escolas, distribu\u00eddas nas 07 unidades escolares da zona rural e 11 na zona urbana. O in\u00edcio do ano letivo est\u00e1 previsto para o dia 04 de fevereiro.<\/p>\n","protected":false},"excerpt":{"rendered":"<p>As matr\u00edculas na Rede Municipal de ensino do munic\u00edpio de Monteiro come\u00e7am nesta segunda-feira, 06 de janeiro, conforme cronograma elaborado pela Secretaria de Educa\u00e7\u00e3o do&hellip; <\/p>\n","protected":false},"author":1,"featured_media":144222,"comment_status":"closed","ping_status":"closed","sticky":false,"template":"","format":"standard","meta":{"sfsi_plus_gutenberg_text_before_share":"","sfsi_plus_gutenberg_show_text_before_share":"","sfsi_plus_gutenberg_icon_type":"","sfsi_plus_gutenberg_icon_alignemt":"","sfsi_plus_gutenburg_max_per_row":"","footnotes":""},"categories":[2],"tags":[],"class_list":["post-144221","post","type-post","status-publish","format-standard","has-post-thumbnail","hentry","category-geral"],"_links":{"self":[{"href":"https:\/\/www.caririemacao.com\/1\/wp-json\/wp\/v2\/posts\/144221","targetHints":{"allow":["GET"]}}],"collection":[{"href":"https:\/\/www.caririemacao.com\/1\/wp-json\/wp\/v2\/posts"}],"about":[{"href":"https:\/\/www.caririemacao.com\/1\/wp-json\/wp\/v2\/types\/post"}],"author":[{"embeddable":true,"href":"https:\/\/www.caririemacao.com\/1\/wp-json\/wp\/v2\/users\/1"}],"replies":[{"embeddable":true,"href":"https:\/\/www.caririemacao.com\/1\/wp-json\/wp\/v2\/comments?post=144221"}],"version-history":[{"count":1,"href":"https:\/\/www.caririemacao.com\/1\/wp-json\/wp\/v2\/posts\/144221\/revisions"}],"predecessor-version":[{"id":144223,"href":"https:\/\/www.caririemacao.com\/1\/wp-json\/wp\/v2\/posts\/144221\/revisions\/144223"}],"wp:featuredmedia":[{"embeddable":true,"href":"https:\/\/www.caririemacao.com\/1\/wp-json\/wp\/v2\/media\/144222"}],"wp:attachment":[{"href":"https:\/\/www.caririemacao.com\/1\/wp-json\/wp\/v2\/media?parent=144221"}],"wp:term":[{"taxonomy":"category","embeddable":true,"href":"https:\/\/www.caririemacao.com\/1\/wp-json\/wp\/v2\/categories?post=144221"},{"taxonomy":"post_tag","embeddable":true,"href":"https:\/\/www.caririemacao.com\/1\/wp-json\/wp\/v2\/tags?post=144221"}],"curies":[{"name":"wp","href":"https:\/\/api.w.org\/{rel}","templated":true}]}}