{"id":144238,"date":"2020-01-02T14:51:56","date_gmt":"2020-01-02T17:51:56","guid":{"rendered":"http:\/\/www.caririemacao.com\/1\/?p=144238"},"modified":"2020-01-02T14:51:56","modified_gmt":"2020-01-02T17:51:56","slug":"feriado-de-ano-novo-foi-menos-violento-nas-rodovias-federais","status":"publish","type":"post","link":"https:\/\/www.caririemacao.com\/1\/2020\/01\/02\/feriado-de-ano-novo-foi-menos-violento-nas-rodovias-federais\/","title":{"rendered":"Feriado de ano-novo foi menos violento nas rodovias federais"},"content":{"rendered":"\n<p>O feriado de ano-novo foi menos violento do que o do ano passado em rodovias federais. Entre 28 de dezembro e 1\u00ba de janeiro, foram registradas 70 mortes e um total de 863 acidentes. No mesmo per\u00edodo no&nbsp;<em>r\u00e9veillon<\/em>&nbsp;do ano passado foram contabilizados 75 \u00f3bitos e 914 acidentes de tr\u00e2nsito.<\/p>\n\n\n\n<p>Os n\u00fameros foram divulgados pela Pol\u00edcia Rodovi\u00e1ria Federal (PRF) hoje (2) dentro do balan\u00e7o da Opera\u00e7\u00e3o Ano-Novo, realizada pela corpora\u00e7\u00e3o.<\/p>\n\n\n\n<p>De acordo com a PRF, cerca de 139,5 mil pessoas e 134 mil ve\u00edculos foram fiscalizados durante a opera\u00e7\u00e3o.<\/p>\n\n\n\n<p>Os n\u00fameros foram menores tamb\u00e9m do que do feriado de Natal deste ano, realizada entre 21 e 25 de dezembro. Na Opera\u00e7\u00e3o Natal foram registrados 1.134 acidentes, sendo 97 com v\u00edtimas fatais.<\/p>\n\n\n\n<h2 class=\"wp-block-heading\">Tipos de infra\u00e7\u00e3o<\/h2>\n\n\n\n<p>As infra\u00e7\u00f5es mais comuns captadas nas a\u00e7\u00f5es de fiscaliza\u00e7\u00e3o foram a ultrapassagem em locais proibidos (como acostamentos e curvas) e o ato de dirigir tendo ingerido alguma quantidade de bebida alco\u00f3lica.<\/p>\n\n\n\n<p>Os agentes flagraram 1.343 motoristas que beberam e dirigiram ve\u00edculos nas rodovias, detendo 113 destes. Um total de 115 mil testes do baf\u00f4metro foram aplicados. No Natal, o n\u00famero foi ainda maior: a fiscaliza\u00e7\u00e3o encontrou 1.592 pessoas nessa situa\u00e7\u00e3o, o que ocasionou 163 deten\u00e7\u00f5es.<\/p>\n\n\n\n<p>J\u00e1 a ultrapassagem em local proibido ou fazendo uso de manobras arriscadas foi flagrada em 4.986 ocasi\u00f5es. Entre outras modalidades de infra\u00e7\u00e3o est\u00e3o a condu\u00e7\u00e3o de moto sem capacete (735), a aus\u00eancia do uso de seguran\u00e7a (2.313 passageiros e 1.627 motoristas), al\u00e9m do uso de celular durante o trajeto (114).<\/p>\n\n\n\n<h2 class=\"wp-block-heading\">Educa\u00e7\u00e3o<\/h2>\n\n\n\n<p>Segundo a PRF, al\u00e9m das a\u00e7\u00f5es de fiscaliza\u00e7\u00e3o a Opera\u00e7\u00e3o Ano-Novo tamb\u00e9m contou com iniciativas pedag\u00f3gicas de conscientiza\u00e7\u00e3o dos motoristas. No total, mais de 40 mil pessoas foram mobilizadas neste tipo de medida.<\/p>\n","protected":false},"excerpt":{"rendered":"<p>O feriado de ano-novo foi menos violento do que o do ano passado em rodovias federais. Entre 28 de dezembro e 1\u00ba de janeiro, foram&hellip; <\/p>\n","protected":false},"author":1,"featured_media":144239,"comment_status":"closed","ping_status":"closed","sticky":false,"template":"","format":"standard","meta":{"sfsi_plus_gutenberg_text_before_share":"","sfsi_plus_gutenberg_show_text_before_share":"","sfsi_plus_gutenberg_icon_type":"","sfsi_plus_gutenberg_icon_alignemt":"","sfsi_plus_gutenburg_max_per_row":"","footnotes":""},"categories":[12],"tags":[],"class_list":["post-144238","post","type-post","status-publish","format-standard","has-post-thumbnail","hentry","category-policia"],"_links":{"self":[{"href":"https:\/\/www.caririemacao.com\/1\/wp-json\/wp\/v2\/posts\/144238","targetHints":{"allow":["GET"]}}],"collection":[{"href":"https:\/\/www.caririemacao.com\/1\/wp-json\/wp\/v2\/posts"}],"about":[{"href":"https:\/\/www.caririemacao.com\/1\/wp-json\/wp\/v2\/types\/post"}],"author":[{"embeddable":true,"href":"https:\/\/www.caririemacao.com\/1\/wp-json\/wp\/v2\/users\/1"}],"replies":[{"embeddable":true,"href":"https:\/\/www.caririemacao.com\/1\/wp-json\/wp\/v2\/comments?post=144238"}],"version-history":[{"count":1,"href":"https:\/\/www.caririemacao.com\/1\/wp-json\/wp\/v2\/posts\/144238\/revisions"}],"predecessor-version":[{"id":144240,"href":"https:\/\/www.caririemacao.com\/1\/wp-json\/wp\/v2\/posts\/144238\/revisions\/144240"}],"wp:featuredmedia":[{"embeddable":true,"href":"https:\/\/www.caririemacao.com\/1\/wp-json\/wp\/v2\/media\/144239"}],"wp:attachment":[{"href":"https:\/\/www.caririemacao.com\/1\/wp-json\/wp\/v2\/media?parent=144238"}],"wp:term":[{"taxonomy":"category","embeddable":true,"href":"https:\/\/www.caririemacao.com\/1\/wp-json\/wp\/v2\/categories?post=144238"},{"taxonomy":"post_tag","embeddable":true,"href":"https:\/\/www.caririemacao.com\/1\/wp-json\/wp\/v2\/tags?post=144238"}],"curies":[{"name":"wp","href":"https:\/\/api.w.org\/{rel}","templated":true}]}}