{"id":144242,"date":"2020-01-02T15:51:13","date_gmt":"2020-01-02T18:51:13","guid":{"rendered":"http:\/\/www.caririemacao.com\/1\/?p=144242"},"modified":"2020-01-02T15:51:13","modified_gmt":"2020-01-02T18:51:13","slug":"governo-divulga-calendario-de-pagamento-do-bolsa-familia-para-2020","status":"publish","type":"post","link":"https:\/\/www.caririemacao.com\/1\/2020\/01\/02\/governo-divulga-calendario-de-pagamento-do-bolsa-familia-para-2020\/","title":{"rendered":"Governo divulga calend\u00e1rio de pagamento do Bolsa Fam\u00edlia para 2020"},"content":{"rendered":"\n<p>O governo divulgou o calend\u00e1rio do Bolsa Fam\u00edlia para todos os meses deste ano. Em janeiro, o pagamento inicia no dia 20 para as fam\u00edlias cujo N\u00famero de Identifica\u00e7\u00e3o Social (NIS) termina em 1. O n\u00famero vem impresso no cart\u00e3o do programa.<br><\/p>\n\n\n\n<p>Quem possui cart\u00e3o com final 2, pode sacar o benef\u00edcio no segundo dia de pagamento, e assim por diante, at\u00e9 o dia 31. Em fevereiro, os primeiros pagamentos ser\u00e3o realizados no dia 12 e seguem at\u00e9 o 28 de fevereiro. O calend\u00e1rio completo pode ser conferido abaixo.<\/p>\n\n\n\n<p>Calend\u00e1rio de pagamento do Bolsa Fam\u00edlia<br>Pagamento do Bolsa Fam\u00edlia come\u00e7a no dia 20 para NIS de final 1 (Arte\/ Divulga\u00e7\u00e3o)<br>Criado em 2003 como programa de distribui\u00e7\u00e3o de renda, o Bolsa Fam\u00edlia atende fam\u00edlias em situa\u00e7\u00e3o de extrema pobreza, com renda mensal de at\u00e9 R$ 89,00 por pessoa, e de pobreza, com renda mensal entre R$ 89,01 e R$ 178,00.<\/p>\n\n\n\n<p>No caso das fam\u00edlias pobres, tem acesso ao benef\u00edcio aquelas que possuem gestantes e crian\u00e7as e adolescentes entre 0 e 17 anos.<\/p>\n\n\n\n<figure class=\"wp-block-image\"><img decoding=\"async\" data-src=\"https:\/\/www.clickpb.com.br\/media\/filer_public\/83\/70\/8370fef6-0d67-437a-b702-bc489f244117\/calendario_bolsa_familia_2020.png\" alt=\"\" src=\"data:image\/svg+xml;base64,PHN2ZyB3aWR0aD0iMSIgaGVpZ2h0PSIxIiB4bWxucz0iaHR0cDovL3d3dy53My5vcmcvMjAwMC9zdmciPjwvc3ZnPg==\" class=\"lazyload\" \/><\/figure>\n\n\n\n<p>Em 2019, pela primeira vez o Bolsa Fam\u00edlia pagou uma 13\u00aa parcela do benef\u00edcio. Neste ano, o chamado abono natalino, que consistiu no pagamento em dobro da parcela de dezembro, ainda n\u00e3o foi confirmado.<\/p>\n\n\n\n<p>Segundo a Caixa Econ\u00f4mica Federal, que administra os pagamentos, 13,1 milh\u00f5es de fam\u00edlias foram atendidas pelo Bolsa Fam\u00edlia em dezembro. O desembolso no m\u00eas passado foi de R$ 2,5 bilh\u00f5es com os pagamentos normais, al\u00e9m de outros R$ 2,5 bilh\u00f5es com a 13\u00aa parcela.<\/p>\n","protected":false},"excerpt":{"rendered":"<p>O governo divulgou o calend\u00e1rio do Bolsa Fam\u00edlia para todos os meses deste ano. Em janeiro, o pagamento inicia no dia 20 para as fam\u00edlias&hellip; <\/p>\n","protected":false},"author":1,"featured_media":88412,"comment_status":"closed","ping_status":"closed","sticky":false,"template":"","format":"standard","meta":{"sfsi_plus_gutenberg_text_before_share":"","sfsi_plus_gutenberg_show_text_before_share":"","sfsi_plus_gutenberg_icon_type":"","sfsi_plus_gutenberg_icon_alignemt":"","sfsi_plus_gutenburg_max_per_row":"","footnotes":""},"categories":[2],"tags":[],"class_list":["post-144242","post","type-post","status-publish","format-standard","has-post-thumbnail","hentry","category-geral"],"_links":{"self":[{"href":"https:\/\/www.caririemacao.com\/1\/wp-json\/wp\/v2\/posts\/144242","targetHints":{"allow":["GET"]}}],"collection":[{"href":"https:\/\/www.caririemacao.com\/1\/wp-json\/wp\/v2\/posts"}],"about":[{"href":"https:\/\/www.caririemacao.com\/1\/wp-json\/wp\/v2\/types\/post"}],"author":[{"embeddable":true,"href":"https:\/\/www.caririemacao.com\/1\/wp-json\/wp\/v2\/users\/1"}],"replies":[{"embeddable":true,"href":"https:\/\/www.caririemacao.com\/1\/wp-json\/wp\/v2\/comments?post=144242"}],"version-history":[{"count":1,"href":"https:\/\/www.caririemacao.com\/1\/wp-json\/wp\/v2\/posts\/144242\/revisions"}],"predecessor-version":[{"id":144244,"href":"https:\/\/www.caririemacao.com\/1\/wp-json\/wp\/v2\/posts\/144242\/revisions\/144244"}],"wp:featuredmedia":[{"embeddable":true,"href":"https:\/\/www.caririemacao.com\/1\/wp-json\/wp\/v2\/media\/88412"}],"wp:attachment":[{"href":"https:\/\/www.caririemacao.com\/1\/wp-json\/wp\/v2\/media?parent=144242"}],"wp:term":[{"taxonomy":"category","embeddable":true,"href":"https:\/\/www.caririemacao.com\/1\/wp-json\/wp\/v2\/categories?post=144242"},{"taxonomy":"post_tag","embeddable":true,"href":"https:\/\/www.caririemacao.com\/1\/wp-json\/wp\/v2\/tags?post=144242"}],"curies":[{"name":"wp","href":"https:\/\/api.w.org\/{rel}","templated":true}]}}