{"id":144248,"date":"2020-01-02T15:56:52","date_gmt":"2020-01-02T18:56:52","guid":{"rendered":"http:\/\/www.caririemacao.com\/1\/?p=144248"},"modified":"2020-01-02T15:56:52","modified_gmt":"2020-01-02T18:56:52","slug":"caixa-teve-lucro-recorde-em-2019-diz-presidente-do-banco","status":"publish","type":"post","link":"https:\/\/www.caririemacao.com\/1\/2020\/01\/02\/caixa-teve-lucro-recorde-em-2019-diz-presidente-do-banco\/","title":{"rendered":"Caixa teve lucro recorde em 2019, diz presidente do banco"},"content":{"rendered":"\n<p>A Caixa Econ\u00f4mica Federal teve o maior lucro de sua hist\u00f3ria em 2019. Os n\u00fameros ainda n\u00e3o foram fechados, mas devem ser anunciados em fevereiro, informou o presidente do banco, Pedro Guimar\u00e3es. \u201cTerminamos 2019, mas s\u00f3 anunciamos em fevereiro, com um resultado recorde em termos de lucro. N\u00e3o posso colocar o n\u00famero, at\u00e9 porque ele n\u00e3o fechou, mas ser\u00e1 o maior lucro da hist\u00f3ria da Caixa\u201d, disse.<\/p>\n\n\n\n<p>O presidente da Caixa disse que a redu\u00e7\u00e3o do juro cobrado pelo banco, associado a uma entrada de mais de 1 milh\u00e3o de clientes em apenas seis meses, representam uma prova matem\u00e1tica de que \u201cpode-se reduzir juros sendo lucrativo ao mesmo tempo\u201d.<\/p>\n\n\n\n<p>Segundo Guimar\u00e3es, as inova\u00e7\u00f5es praticadas pelo banco v\u00e3o al\u00e9m das modalidades de financiamento. \u201cTivemos na semana passada o primeiro contrato em braile para cr\u00e9dito imobili\u00e1rio. \u00c9 inacredit\u00e1vel, mas n\u00e3o havia no mercado brasileiro nenhum contrato em braile. A partir da segunda-feira passada, todas as pessoas com defici\u00eancia visual que queiram receber contrato em braile, ter\u00e3o j\u00e1 a possibilidade com a Caixa\u201d, disse ele ap\u00f3s reuni\u00e3o com o presidente Jair Bolsonaro no Pal\u00e1cio do Planalto.<\/p>\n\n\n\n<h2 class=\"wp-block-heading\">Cr\u00e9dito Imobili\u00e1rio<\/h2>\n\n\n\n<p>Guimar\u00e3es explicou que o banco tem aproveitado a redu\u00e7\u00e3o da taxa b\u00e1sica de juros (Selic) para repass\u00e1-la a seus clientes e que isso, segundo pesquisas internas feitas na Caixa, t\u00eam resultado em uma percep\u00e7\u00e3o positiva do banco, a ponto de atrair cada vez mais o interesse de novos clientes.<\/p>\n\n\n\n<p>\u201cQualquer redu\u00e7\u00e3o [de taxas], no Banco Central, implica em redu\u00e7\u00e3o tanto no nosso cheque especial quanto no rotativo do cart\u00e3o, do CDC e no cr\u00e9dito imobili\u00e1rio. Isso porque o custo de financiamento depende da Selic. Quanto menor a taxa Selic, menor o custo de financiamento [oferecido] no banco. Por consequ\u00eancia, n\u00f3s da Caixa Econ\u00f4mica Federal vamos repassar parte disso para os clientes e para a sociedade. J\u00e1 ganhamos mais de 1 milh\u00e3o de clientes nesses \u00faltimos seis meses, desde que come\u00e7amos a reduzir os juros\u201d, disse o presidente da Caixa.<\/p>\n\n\n\n<figure class=\"wp-block-image\"><img decoding=\"async\" data-src=\"http:\/\/imagens.ebc.com.br\/fXwWwMzw1QwmxP1j9awc5rSX8MI=\/754x0\/smart\/http:\/\/agenciabrasil.ebc.com.br\/sites\/default\/files\/thumbnails\/image\/jfcruz_abr_0911240719_1.jpg?itok=9ksbFc6k\" alt=\"O presidente da Caixa Econ\u00f4mica Federal, Pedro Guimar\u00e3es, fala \u00e0 imprensa ap\u00f3s cerim\u00f4nia de lan\u00e7amento do novo FGTS e libera\u00e7\u00e3o do PIS\/PASEP, no Pal\u00e1cio do Planalto.\" src=\"data:image\/svg+xml;base64,PHN2ZyB3aWR0aD0iMSIgaGVpZ2h0PSIxIiB4bWxucz0iaHR0cDovL3d3dy53My5vcmcvMjAwMC9zdmciPjwvc3ZnPg==\" class=\"lazyload\" \/><\/figure>\n\n\n\n<p>O presidente da Caixa Econ\u00f4mica Federal, Pedro Guimar\u00e3es, disse que o banco tem aproveitado a redu\u00e7\u00e3o da taxa Selic&nbsp;para repass\u00e1-la a seus clientes &#8211;&nbsp;<strong>Jose Cruz\/Ag\u00eancia Brasil<\/strong><\/p>\n\n\n\n<h2 class=\"wp-block-heading\">Nova linha de cr\u00e9dito<\/h2>\n\n\n\n<p>Segundo Guimar\u00e3es, a Caixa anunciar\u00e1, em breve, uma linha de cr\u00e9dito imobili\u00e1rio com juro prefixado, n\u00e3o vinculado aos \u00edndices que s\u00e3o praticados atualmente, como IPCA ou TR. A ideia \u00e9 facilitar a migra\u00e7\u00e3o de cr\u00e9dito imobili\u00e1rio de taxas antigas para taxas mais novas e baixas.<\/p>\n\n\n\n<p>\u201cVoc\u00eas v\u00e3o lembrar que quando a Caixa lan\u00e7ou, h\u00e1 alguns meses, [cr\u00e9dito imobili\u00e1rio com corre\u00e7\u00e3o vinculado ao IPCA] o mercado criticava muito. Hoje h\u00e1, segundo o BC, 16 bancos que tamb\u00e9m oferecem cr\u00e9dito imobili\u00e1rio pelo IPCA\u201d, disse. \u201cEm mar\u00e7o, faremos uma terceira linha, que \u00e9 sem corre\u00e7\u00e3o nenhuma. Nem pela TR, nem pelo IPCA. Acreditamos que a partir de mar\u00e7o, quando lan\u00e7aremos cr\u00e9dito imobili\u00e1rio sem nenhum tipo de corre\u00e7\u00e3o, isso tamb\u00e9m v\u00e1 multiplicar\u201d, disse referindo-se \u00e0 modalidade cuja corre\u00e7\u00e3o ser\u00e1 feita por um percentual prefixado.<\/p>\n\n\n\n<p>\u201cIsso \u00e9 importante porque voc\u00ea poder\u00e1 contratar cr\u00e9dito imobili\u00e1rio de 30 a 35 anos e saber quanto pagar\u00e1 pelos pr\u00f3ximos 30 ou 35 anos\u201d, completou ao informar que a modalidade j\u00e1 foi autorizada pelo BC.<\/p>\n\n\n\n<h2 class=\"wp-block-heading\">Saques do FGTS<\/h2>\n\n\n\n<p>Ainda na sa\u00edda do Pal\u00e1cio do Planalto, Guimar\u00e3es fez um balan\u00e7o sobre a modalidade saque-anivers\u00e1rio do Fundo de Garantia do Tempo de Servi\u00e7o (FGTS). De acordo com o presidente da Caixa, mais de 1 milh\u00e3o de pessoas j\u00e1 fizeram o pedido de saque e come\u00e7ar\u00e3o a receber a partir do dia 1\u00ba de abril. \u201cSegundo o \u00faltimo dado, [a quantidade de solicita\u00e7\u00f5es] est\u00e1 em 59% das pessoas e em 61% do valor financeiro. Como temos at\u00e9 31 de mar\u00e7o de 2020, estimamos que chegaremos pr\u00f3ximo a 70%\u201d.<\/p>\n\n\n\n<p>O saque-anivers\u00e1rio ser\u00e1 de abril a junho para os trabalhadores nascidos em janeiro e fevereiro, de maio a junho para os nascidos em mar\u00e7o e abril e de junho a agosto para os nascidos em maio e junho. A partir de agosto, a retirada ocorrer\u00e1 no m\u00eas de anivers\u00e1rio, at\u00e9 dois meses depois. De 2021 em diante, as retiradas sempre ocorrer\u00e3o no m\u00eas de nascimento do trabalhador, at\u00e9 dois meses depois. Caso o benefici\u00e1rio n\u00e3o fa\u00e7a o saque no per\u00edodo permitido, o dinheiro volta para a conta do FGTS.<\/p>\n\n\n\n<p>Ao optar pelo saque-anivers\u00e1rio, o trabalhador dever\u00e1 escolher a data em que deseja que o valor esteja dispon\u00edvel: 1\u00ba ou 10\u00ba dia do m\u00eas de anivers\u00e1rio. Quem escolher o 10\u00ba dia retirar\u00e1 o dinheiro com juros e atualiza\u00e7\u00e3o monet\u00e1ria sobre o m\u00eas do saque.<\/p>\n\n\n\n<p>O trabalhador que aderir ao saque-anivers\u00e1rio poder\u00e1 sacar um percentual do saldo de todas as contas do FGTS, ativas e inativas, em seu nome. Al\u00e9m do percentual, ele receber\u00e1 um adicional fixo, conforme o saldo da conta. O valor a ser sacado varia de 50% do saldo sem parcela adicional para contas de at\u00e9 R$ 500 a 5% do saldo e adicional de R$ 2,9 mil para contas com mais de R$ 20 mil.<\/p>\n\n\n\n<p>Ao retirar uma parcela do FGTS a cada ano, o trabalhador deixar\u00e1 de receber o valor depositado pela empresa, caso seja demitido sem justa causa. O pagamento da multa de 40% nessas situa\u00e7\u00f5es est\u00e1 mantido. As demais possibilidades de saque do FGTS \u2013 como compra de im\u00f3veis, aposentadoria e doen\u00e7as graves \u2013 n\u00e3o s\u00e3o afetadas pelo saque-anivers\u00e1rio.<\/p>\n","protected":false},"excerpt":{"rendered":"<p>A Caixa Econ\u00f4mica Federal teve o maior lucro de sua hist\u00f3ria em 2019. Os n\u00fameros ainda n\u00e3o foram fechados, mas devem ser anunciados em fevereiro,&hellip; <\/p>\n","protected":false},"author":1,"featured_media":59745,"comment_status":"closed","ping_status":"closed","sticky":false,"template":"","format":"standard","meta":{"sfsi_plus_gutenberg_text_before_share":"","sfsi_plus_gutenberg_show_text_before_share":"","sfsi_plus_gutenberg_icon_type":"","sfsi_plus_gutenberg_icon_alignemt":"","sfsi_plus_gutenburg_max_per_row":"","footnotes":""},"categories":[2],"tags":[],"class_list":["post-144248","post","type-post","status-publish","format-standard","has-post-thumbnail","hentry","category-geral"],"_links":{"self":[{"href":"https:\/\/www.caririemacao.com\/1\/wp-json\/wp\/v2\/posts\/144248","targetHints":{"allow":["GET"]}}],"collection":[{"href":"https:\/\/www.caririemacao.com\/1\/wp-json\/wp\/v2\/posts"}],"about":[{"href":"https:\/\/www.caririemacao.com\/1\/wp-json\/wp\/v2\/types\/post"}],"author":[{"embeddable":true,"href":"https:\/\/www.caririemacao.com\/1\/wp-json\/wp\/v2\/users\/1"}],"replies":[{"embeddable":true,"href":"https:\/\/www.caririemacao.com\/1\/wp-json\/wp\/v2\/comments?post=144248"}],"version-history":[{"count":1,"href":"https:\/\/www.caririemacao.com\/1\/wp-json\/wp\/v2\/posts\/144248\/revisions"}],"predecessor-version":[{"id":144250,"href":"https:\/\/www.caririemacao.com\/1\/wp-json\/wp\/v2\/posts\/144248\/revisions\/144250"}],"wp:featuredmedia":[{"embeddable":true,"href":"https:\/\/www.caririemacao.com\/1\/wp-json\/wp\/v2\/media\/59745"}],"wp:attachment":[{"href":"https:\/\/www.caririemacao.com\/1\/wp-json\/wp\/v2\/media?parent=144248"}],"wp:term":[{"taxonomy":"category","embeddable":true,"href":"https:\/\/www.caririemacao.com\/1\/wp-json\/wp\/v2\/categories?post=144248"},{"taxonomy":"post_tag","embeddable":true,"href":"https:\/\/www.caririemacao.com\/1\/wp-json\/wp\/v2\/tags?post=144248"}],"curies":[{"name":"wp","href":"https:\/\/api.w.org\/{rel}","templated":true}]}}