{"id":144252,"date":"2020-01-02T21:04:13","date_gmt":"2020-01-03T00:04:13","guid":{"rendered":"http:\/\/www.caririemacao.com\/1\/?p=144252"},"modified":"2020-01-02T21:04:13","modified_gmt":"2020-01-03T00:04:13","slug":"prefeito-de-camalau-anuncia-bonus-para-professores-que-vai-injetar-quase-100-mil-na-economia-do-municipio","status":"publish","type":"post","link":"https:\/\/www.caririemacao.com\/1\/2020\/01\/02\/prefeito-de-camalau-anuncia-bonus-para-professores-que-vai-injetar-quase-100-mil-na-economia-do-municipio\/","title":{"rendered":"Prefeito de Camala\u00fa anuncia b\u00f4nus para professores que vai injetar quase 100 mil na economia do munic\u00edpio"},"content":{"rendered":"\n<p>O prefeito de Camala\u00fa, Sandro M\u00f4co, anunciou atrav\u00e9s de suas redes sociais um b\u00f4nus para os professores da rede municipal de ensino que vai injetar quase 100 mil (cem mil reais) na economia local.<br><\/p>\n\n\n\n<p>O valor para cada professor \u00e9 de R$ 1.000,00 mil (um mil reais) e dever\u00e1 ser creditado nas contas at\u00e9 o dia 10 de Janeiro, de acordo com o prefeito, Sandro, o b\u00f4nus \u00e9 uma forma de reconhecimento pelo excelente trabalho que a rede municipal vem desempenhando nos \u00faltimos anos.<br><\/p>\n\n\n\n<p>\u201cPagamos os sal\u00e1rios de todos os nossos servidores dentro do m\u00eas trabalhado, pagamos o 13\u00ba sal\u00e1rio, em dezembro adiantamos o pagamento visando as festividades de fim de ano e agora vamos liberar esse b\u00f4nus, que al\u00e9m de aquecer a nossa economia local vai garantir essa renda extra nas contas dos professores o que demonstra o nosso compromisso e responsabilidade para com todos aqueles que fazem uma nova hist\u00f3ria em nossa cidade\u201d disse o prefeito Sandro M\u00f4co.<\/p>\n","protected":false},"excerpt":{"rendered":"<p>O prefeito de Camala\u00fa, Sandro M\u00f4co, anunciou atrav\u00e9s de suas redes sociais um b\u00f4nus para os professores da rede municipal de ensino que vai injetar&hellip; <\/p>\n","protected":false},"author":1,"featured_media":144253,"comment_status":"closed","ping_status":"closed","sticky":false,"template":"","format":"standard","meta":{"sfsi_plus_gutenberg_text_before_share":"","sfsi_plus_gutenberg_show_text_before_share":"","sfsi_plus_gutenberg_icon_type":"","sfsi_plus_gutenberg_icon_alignemt":"","sfsi_plus_gutenburg_max_per_row":"","footnotes":""},"categories":[6,50],"tags":[],"class_list":["post-144252","post","type-post","status-publish","format-standard","has-post-thumbnail","hentry","category-cidades","category-destaque"],"_links":{"self":[{"href":"https:\/\/www.caririemacao.com\/1\/wp-json\/wp\/v2\/posts\/144252","targetHints":{"allow":["GET"]}}],"collection":[{"href":"https:\/\/www.caririemacao.com\/1\/wp-json\/wp\/v2\/posts"}],"about":[{"href":"https:\/\/www.caririemacao.com\/1\/wp-json\/wp\/v2\/types\/post"}],"author":[{"embeddable":true,"href":"https:\/\/www.caririemacao.com\/1\/wp-json\/wp\/v2\/users\/1"}],"replies":[{"embeddable":true,"href":"https:\/\/www.caririemacao.com\/1\/wp-json\/wp\/v2\/comments?post=144252"}],"version-history":[{"count":1,"href":"https:\/\/www.caririemacao.com\/1\/wp-json\/wp\/v2\/posts\/144252\/revisions"}],"predecessor-version":[{"id":144254,"href":"https:\/\/www.caririemacao.com\/1\/wp-json\/wp\/v2\/posts\/144252\/revisions\/144254"}],"wp:featuredmedia":[{"embeddable":true,"href":"https:\/\/www.caririemacao.com\/1\/wp-json\/wp\/v2\/media\/144253"}],"wp:attachment":[{"href":"https:\/\/www.caririemacao.com\/1\/wp-json\/wp\/v2\/media?parent=144252"}],"wp:term":[{"taxonomy":"category","embeddable":true,"href":"https:\/\/www.caririemacao.com\/1\/wp-json\/wp\/v2\/categories?post=144252"},{"taxonomy":"post_tag","embeddable":true,"href":"https:\/\/www.caririemacao.com\/1\/wp-json\/wp\/v2\/tags?post=144252"}],"curies":[{"name":"wp","href":"https:\/\/api.w.org\/{rel}","templated":true}]}}