{"id":144258,"date":"2020-01-03T07:04:40","date_gmt":"2020-01-03T10:04:40","guid":{"rendered":"http:\/\/www.caririemacao.com\/1\/?p=144258"},"modified":"2020-01-03T07:04:40","modified_gmt":"2020-01-03T10:04:40","slug":"idoso-fica-ferido-apos-sofrer-descarga-eletrica-dentro-de-casa-em-joao-pessoa","status":"publish","type":"post","link":"https:\/\/www.caririemacao.com\/1\/2020\/01\/03\/idoso-fica-ferido-apos-sofrer-descarga-eletrica-dentro-de-casa-em-joao-pessoa\/","title":{"rendered":"Idoso fica ferido ap\u00f3s sofrer descarga el\u00e9trica dentro de casa em Jo\u00e3o Pessoa"},"content":{"rendered":"\n<p> Um idoso ficou ferido, nesta quinta-feira (2), ap\u00f3s sofrer uma descarga el\u00e9trica, no bairro de Cruz das Armas, em Jo\u00e3o Pessoa. Jo\u00e3o Ananias da Silva, de 85 anos estava em casa sozinho, quando levou o choque.<\/p>\n\n\n\n<p>A v\u00edtima foi socorrida por uma pessoa que passava pr\u00f3ximo a resid\u00eancia e ouviu os gritos de socorro do idoso.<\/p>\n\n\n\n<p>O Samu foi acionado e socorreu o idoso para uma unidade hospitalar. De acordo com os socorristas, apesar do choque, o homem estava consciente e orientado.&nbsp;<\/p>\n\n\n\n<p>N\u00e3o foi informado o que levou o idoso a sofrer a descarga el\u00e9trica.<\/p>\n","protected":false},"excerpt":{"rendered":"<p>Um idoso ficou ferido, nesta quinta-feira (2), ap\u00f3s sofrer uma descarga el\u00e9trica, no bairro de Cruz das Armas, em Jo\u00e3o Pessoa. Jo\u00e3o Ananias da Silva,&hellip; <\/p>\n","protected":false},"author":1,"featured_media":144261,"comment_status":"closed","ping_status":"closed","sticky":false,"template":"","format":"standard","meta":{"sfsi_plus_gutenberg_text_before_share":"","sfsi_plus_gutenberg_show_text_before_share":"","sfsi_plus_gutenberg_icon_type":"","sfsi_plus_gutenberg_icon_alignemt":"","sfsi_plus_gutenburg_max_per_row":"","footnotes":""},"categories":[2],"tags":[],"class_list":["post-144258","post","type-post","status-publish","format-standard","has-post-thumbnail","hentry","category-geral"],"_links":{"self":[{"href":"https:\/\/www.caririemacao.com\/1\/wp-json\/wp\/v2\/posts\/144258","targetHints":{"allow":["GET"]}}],"collection":[{"href":"https:\/\/www.caririemacao.com\/1\/wp-json\/wp\/v2\/posts"}],"about":[{"href":"https:\/\/www.caririemacao.com\/1\/wp-json\/wp\/v2\/types\/post"}],"author":[{"embeddable":true,"href":"https:\/\/www.caririemacao.com\/1\/wp-json\/wp\/v2\/users\/1"}],"replies":[{"embeddable":true,"href":"https:\/\/www.caririemacao.com\/1\/wp-json\/wp\/v2\/comments?post=144258"}],"version-history":[{"count":1,"href":"https:\/\/www.caririemacao.com\/1\/wp-json\/wp\/v2\/posts\/144258\/revisions"}],"predecessor-version":[{"id":144262,"href":"https:\/\/www.caririemacao.com\/1\/wp-json\/wp\/v2\/posts\/144258\/revisions\/144262"}],"wp:featuredmedia":[{"embeddable":true,"href":"https:\/\/www.caririemacao.com\/1\/wp-json\/wp\/v2\/media\/144261"}],"wp:attachment":[{"href":"https:\/\/www.caririemacao.com\/1\/wp-json\/wp\/v2\/media?parent=144258"}],"wp:term":[{"taxonomy":"category","embeddable":true,"href":"https:\/\/www.caririemacao.com\/1\/wp-json\/wp\/v2\/categories?post=144258"},{"taxonomy":"post_tag","embeddable":true,"href":"https:\/\/www.caririemacao.com\/1\/wp-json\/wp\/v2\/tags?post=144258"}],"curies":[{"name":"wp","href":"https:\/\/api.w.org\/{rel}","templated":true}]}}