{"id":144269,"date":"2020-01-03T07:08:07","date_gmt":"2020-01-03T10:08:07","guid":{"rendered":"http:\/\/www.caririemacao.com\/1\/?p=144269"},"modified":"2020-01-03T07:08:07","modified_gmt":"2020-01-03T10:08:07","slug":"bolsonaro-afirma-que-juiz-das-garantias-e-de-dificil-implementacao","status":"publish","type":"post","link":"https:\/\/www.caririemacao.com\/1\/2020\/01\/03\/bolsonaro-afirma-que-juiz-das-garantias-e-de-dificil-implementacao\/","title":{"rendered":"Bolsonaro afirma que juiz das garantias \u00e9 de dif\u00edcil implementa\u00e7\u00e3o"},"content":{"rendered":"\n<p>Depois de ter mantido a cria\u00e7\u00e3o do juiz das garantias no pacote anticrime, o presidente Jair Bolsonaro afirmou nesta quinta-feira (2) que acha que a medida \u00e9 de dif\u00edcil implementa\u00e7\u00e3o no pa\u00eds.<\/p>\n\n\n\n<p>&#8220;Eu acho dif\u00edcil a implementa\u00e7\u00e3o do juiz das garantias. O problema est\u00e1 l\u00e1 com o Judici\u00e1rio, est\u00e1 l\u00e1 com o Legislativo, est\u00e1 certo? E vai ser decidido, mas vai levar anos para decidir essa quest\u00e3o a\u00ed&#8221;, afirmou o presidente durante sua live semanal pelas redes sociais.<\/p>\n\n\n\n<p>Ao sancionar o pacote anticrime em dezembro, uma das principais bandeiras do ministro Sergio Moro (Justi\u00e7a), Bolsonaro ignorou a maioria das sugest\u00f5es enviadas pelo ex-juiz da Lava Jato.<\/p>\n\n\n\n<p>Entre as diversas diverg\u00eancias entre o presidente e Moro, duas s\u00e3o consideradas mais importantes: a cria\u00e7\u00e3o do chamado juiz das garantias e o impedimento de um juiz proferir senten\u00e7a ou ac\u00f3rd\u00e3o em caso que ele declare alguma prova do caso como inadmiss\u00edvel.<\/p>\n\n\n\n<p>Durante a transmiss\u00e3o ao vivo nas redes sociais, Bolsonaro se disse injusti\u00e7ado pelas cr\u00edticas que recebeu pela san\u00e7\u00e3o do texto.<\/p>\n\n\n\n<p>&#8220;Ningu\u00e9m falava nada do juiz das garantias. O Congresso aprovou&#8230;. zero [cr\u00edticas]. Ficou um temp\u00e3o na minha mesa. Quando eu resolvi sancionar, pronto. Da\u00ed apareceram os constitucionalistas, aquelas pessoas que s\u00e3o especialistas no assunto, para meter fogo em mim&#8221;, disse.<\/p>\n\n\n\n<p>Ele afirmou que os cr\u00edticos deveriam reclamar de quem criou a proposta. A figura do juiz das garantias n\u00e3o existia na vers\u00e3o do projeto encaminhado por Moro ao Legislativo, mas foi inclu\u00edda por parlamentares durante a tramita\u00e7\u00e3o.<\/p>\n\n\n\n<p>&#8220;Agora, o juiz das garantias, na minha an\u00e1lise, n\u00e3o \u00e9 isso que a cr\u00edtica bota para fora. Voc\u00ea tem que se colocar na situa\u00e7\u00e3o da pessoa que algumas vezes se encontra l\u00e1 na base. Em todas as profiss\u00f5es temos bons e maus. Se voc\u00ea vai na m\u00e3o de um mau, voc\u00ea est\u00e1 complicado&#8221;, concluiu o presidente.<\/p>\n","protected":false},"excerpt":{"rendered":"<p>Depois de ter mantido a cria\u00e7\u00e3o do juiz das garantias no pacote anticrime, o presidente Jair Bolsonaro afirmou nesta quinta-feira (2) que acha que a&hellip; <\/p>\n","protected":false},"author":1,"featured_media":139436,"comment_status":"closed","ping_status":"closed","sticky":false,"template":"","format":"standard","meta":{"sfsi_plus_gutenberg_text_before_share":"","sfsi_plus_gutenberg_show_text_before_share":"","sfsi_plus_gutenberg_icon_type":"","sfsi_plus_gutenberg_icon_alignemt":"","sfsi_plus_gutenburg_max_per_row":"","footnotes":""},"categories":[11],"tags":[],"class_list":["post-144269","post","type-post","status-publish","format-standard","has-post-thumbnail","hentry","category-politica"],"_links":{"self":[{"href":"https:\/\/www.caririemacao.com\/1\/wp-json\/wp\/v2\/posts\/144269","targetHints":{"allow":["GET"]}}],"collection":[{"href":"https:\/\/www.caririemacao.com\/1\/wp-json\/wp\/v2\/posts"}],"about":[{"href":"https:\/\/www.caririemacao.com\/1\/wp-json\/wp\/v2\/types\/post"}],"author":[{"embeddable":true,"href":"https:\/\/www.caririemacao.com\/1\/wp-json\/wp\/v2\/users\/1"}],"replies":[{"embeddable":true,"href":"https:\/\/www.caririemacao.com\/1\/wp-json\/wp\/v2\/comments?post=144269"}],"version-history":[{"count":1,"href":"https:\/\/www.caririemacao.com\/1\/wp-json\/wp\/v2\/posts\/144269\/revisions"}],"predecessor-version":[{"id":144270,"href":"https:\/\/www.caririemacao.com\/1\/wp-json\/wp\/v2\/posts\/144269\/revisions\/144270"}],"wp:featuredmedia":[{"embeddable":true,"href":"https:\/\/www.caririemacao.com\/1\/wp-json\/wp\/v2\/media\/139436"}],"wp:attachment":[{"href":"https:\/\/www.caririemacao.com\/1\/wp-json\/wp\/v2\/media?parent=144269"}],"wp:term":[{"taxonomy":"category","embeddable":true,"href":"https:\/\/www.caririemacao.com\/1\/wp-json\/wp\/v2\/categories?post=144269"},{"taxonomy":"post_tag","embeddable":true,"href":"https:\/\/www.caririemacao.com\/1\/wp-json\/wp\/v2\/tags?post=144269"}],"curies":[{"name":"wp","href":"https:\/\/api.w.org\/{rel}","templated":true}]}}