{"id":144271,"date":"2020-01-03T07:09:49","date_gmt":"2020-01-03T10:09:49","guid":{"rendered":"http:\/\/www.caririemacao.com\/1\/?p=144271"},"modified":"2020-01-03T07:09:49","modified_gmt":"2020-01-03T10:09:49","slug":"bolsa-brasileira-tem-nova-maxima-historica-no-primeiro-pregao-do-ano","status":"publish","type":"post","link":"https:\/\/www.caririemacao.com\/1\/2020\/01\/03\/bolsa-brasileira-tem-nova-maxima-historica-no-primeiro-pregao-do-ano\/","title":{"rendered":"Bolsa brasileira tem nova m\u00e1xima hist\u00f3rica no primeiro preg\u00e3o do ano"},"content":{"rendered":"\n<p>A Bolsa de Valores brasileira teve nesta quinta-feira (2) um dia de otimismo no primeiro preg\u00e3o do ano e encerrou a sess\u00e3o em nova m\u00e1xima hist\u00f3rica, com avan\u00e7o de 2,53%, aos 118.573,10 pontos. O volume financeiro foi de R$ 20,99 bilh\u00f5es.<\/p>\n\n\n\n<p>Sem grandes not\u00edcias no mercado dom\u00e9stico, o Bovespa \u2014 principal indicador do desempenho m\u00e9dio das a\u00e7\u00f5es negociadas na B3 \u2014&nbsp;seguiu as Bolsas internacionais, que tamb\u00e9m terminaram em alta frente a uma defini\u00e7\u00e3o de uma data para assinatura da primeira fase do acordo comercial entre Estados Unidos e China.<\/p>\n\n\n\n<p>Al\u00e9m disso, a redu\u00e7\u00e3o do dep\u00f3sito compuls\u00f3rio decidida pelo banco central chin\u00eas como forma de impulsionar a economia daquele pa\u00eds tamb\u00e9m foi vista com bons olhos pelo mercado.<\/p>\n\n\n\n<p>O d\u00f3lar, que tamb\u00e9m seguiu na esteira do otimismo internacional, quebrou o ritmo de uma s\u00e9rie de quedas que derrubou a cota\u00e7\u00e3o no fim do ano passado e fechou em alta de 0,27%, cotado em R$ 4,0250.<\/p>\n\n\n\n<p>Profissionais do mercado t\u00eam citado as expectativas de fortalecimento da economia como um suporte \u00e0 taxa de c\u00e2mbio, j\u00e1 que tal movimento poderia atrair mais fluxo de capital \u2014 com consequente aumento da oferta de moeda no pa\u00eds.<\/p>\n\n\n\n<p>A maior oferta de d\u00f3lar seria bem-vinda. N\u00fameros do Banco Central apontam que o Brasil j\u00e1 acumula sa\u00edda l\u00edquida de pouco mais de US$ 43 bilh\u00f5es em 2019 at\u00e9 27 de dezembro. Mas a expectativa de mais ofertas de a\u00e7\u00f5es em 2020 somada ao al\u00edvio nas tens\u00f5es comerciais alimentam esperan\u00e7as de uma melhora no fluxo cambial.&nbsp;<\/p>\n\n\n\n<p>O mercado projeta taxa de 4,08 reais ao fim de 2020, segundo a mais recente pesquisa Focus do Banco Central.<\/p>\n","protected":false},"excerpt":{"rendered":"<p>A Bolsa de Valores brasileira teve nesta quinta-feira (2) um dia de otimismo no primeiro preg\u00e3o do ano e encerrou a sess\u00e3o em nova m\u00e1xima&hellip; <\/p>\n","protected":false},"author":1,"featured_media":144272,"comment_status":"closed","ping_status":"closed","sticky":false,"template":"","format":"standard","meta":{"sfsi_plus_gutenberg_text_before_share":"","sfsi_plus_gutenberg_show_text_before_share":"","sfsi_plus_gutenberg_icon_type":"","sfsi_plus_gutenberg_icon_alignemt":"","sfsi_plus_gutenburg_max_per_row":"","footnotes":""},"categories":[2],"tags":[],"class_list":["post-144271","post","type-post","status-publish","format-standard","has-post-thumbnail","hentry","category-geral"],"_links":{"self":[{"href":"https:\/\/www.caririemacao.com\/1\/wp-json\/wp\/v2\/posts\/144271","targetHints":{"allow":["GET"]}}],"collection":[{"href":"https:\/\/www.caririemacao.com\/1\/wp-json\/wp\/v2\/posts"}],"about":[{"href":"https:\/\/www.caririemacao.com\/1\/wp-json\/wp\/v2\/types\/post"}],"author":[{"embeddable":true,"href":"https:\/\/www.caririemacao.com\/1\/wp-json\/wp\/v2\/users\/1"}],"replies":[{"embeddable":true,"href":"https:\/\/www.caririemacao.com\/1\/wp-json\/wp\/v2\/comments?post=144271"}],"version-history":[{"count":1,"href":"https:\/\/www.caririemacao.com\/1\/wp-json\/wp\/v2\/posts\/144271\/revisions"}],"predecessor-version":[{"id":144273,"href":"https:\/\/www.caririemacao.com\/1\/wp-json\/wp\/v2\/posts\/144271\/revisions\/144273"}],"wp:featuredmedia":[{"embeddable":true,"href":"https:\/\/www.caririemacao.com\/1\/wp-json\/wp\/v2\/media\/144272"}],"wp:attachment":[{"href":"https:\/\/www.caririemacao.com\/1\/wp-json\/wp\/v2\/media?parent=144271"}],"wp:term":[{"taxonomy":"category","embeddable":true,"href":"https:\/\/www.caririemacao.com\/1\/wp-json\/wp\/v2\/categories?post=144271"},{"taxonomy":"post_tag","embeddable":true,"href":"https:\/\/www.caririemacao.com\/1\/wp-json\/wp\/v2\/tags?post=144271"}],"curies":[{"name":"wp","href":"https:\/\/api.w.org\/{rel}","templated":true}]}}