{"id":144275,"date":"2020-01-03T07:11:54","date_gmt":"2020-01-03T10:11:54","guid":{"rendered":"http:\/\/www.caririemacao.com\/1\/?p=144275"},"modified":"2020-01-03T07:11:54","modified_gmt":"2020-01-03T10:11:54","slug":"bolsonaro-visita-michelle-no-hospital-apos-cirurgia-estetica-da-primeira-dama","status":"publish","type":"post","link":"https:\/\/www.caririemacao.com\/1\/2020\/01\/03\/bolsonaro-visita-michelle-no-hospital-apos-cirurgia-estetica-da-primeira-dama\/","title":{"rendered":"Bolsonaro visita Michelle no hospital ap\u00f3s cirurgia est\u00e9tica da primeira-dama"},"content":{"rendered":"\n<p>&nbsp;O presidente Jair Bolsonaro visitou no hospital DF Star, em Bras\u00edlia, a primeira-dama Michelle Bolsonaro, que se submeteu a uma cirurgia est\u00e9tica.&nbsp;<\/p>\n\n\n\n<p>Bolsonaro deixou o Pal\u00e1cio da Alvorada pouco antes das 20 horas desta quinta-feira (2), ap\u00f3s gravar sua tradicional live pelas redes sociais. Ao final da transmiss\u00e3o, ele disse que visitaria a primeira-dama no hospital.&nbsp;<\/p>\n\n\n\n<p>A informa\u00e7\u00e3o de que Michelle realizou um procedimento est\u00e9tico foi confirmada pelo Pal\u00e1cio do Planalto, mas o procedimento espec\u00edfico a que ela foi submetida n\u00e3o foi revelado at\u00e9 o momento.&nbsp; O pr\u00f3prio Bolsonaro disse, no final de dezembro, que a primeira-dama passaria por uma cirurgia. Na ocasi\u00e3o, na entrada do Pal\u00e1cio da Alvorada, Bolsonaro afirmou que o procedimento era &#8220;coisa besteira&#8221;.<\/p>\n\n\n\n<p>Questionada na mesma ocasi\u00e3o sobre o tema, Michelle disse por sua vez n\u00e3o ser nada grave. Segundo um auxiliar presidencial, trata-se de um &#8220;simples procedimento est\u00e9tico&#8221; e de &#8220;r\u00e1pida recupera\u00e7\u00e3o&#8221;.<\/p>\n\n\n\n<p>Em raz\u00e3o da cirurgia est\u00e9tica, a primeira-dama n\u00e3o acompanhou Bolsonaro para a base naval de Aratu, a 42 km do centro de Salvador (BA), onde estava previsto que o presidente passaria o recesso de Ano-Novo.<\/p>\n\n\n\n<p>O mandat\u00e1rio chegou a viajar para a Bahia, mas mudou de planos na \u00faltima hora e retornou a Bras\u00edlia para passar a virada com a esposa.&nbsp;<\/p>\n\n\n\n<p>Em julho do ano passado, Michelle passou por uma cirurgia para corre\u00e7\u00e3o de desvio de septo. A opera\u00e7\u00e3o no nariz foi feita no HFA (Hospital das For\u00e7as Armadas), em Bras\u00edlia, com o qual a Presid\u00eancia da Rep\u00fablica tem conv\u00eanio.&nbsp;<\/p>\n","protected":false},"excerpt":{"rendered":"<p>&nbsp;O presidente Jair Bolsonaro visitou no hospital DF Star, em Bras\u00edlia, a primeira-dama Michelle Bolsonaro, que se submeteu a uma cirurgia est\u00e9tica.&nbsp; Bolsonaro deixou o&hellip; <\/p>\n","protected":false},"author":1,"featured_media":144276,"comment_status":"closed","ping_status":"closed","sticky":false,"template":"","format":"standard","meta":{"sfsi_plus_gutenberg_text_before_share":"","sfsi_plus_gutenberg_show_text_before_share":"","sfsi_plus_gutenberg_icon_type":"","sfsi_plus_gutenberg_icon_alignemt":"","sfsi_plus_gutenburg_max_per_row":"","footnotes":""},"categories":[11],"tags":[],"class_list":["post-144275","post","type-post","status-publish","format-standard","has-post-thumbnail","hentry","category-politica"],"_links":{"self":[{"href":"https:\/\/www.caririemacao.com\/1\/wp-json\/wp\/v2\/posts\/144275","targetHints":{"allow":["GET"]}}],"collection":[{"href":"https:\/\/www.caririemacao.com\/1\/wp-json\/wp\/v2\/posts"}],"about":[{"href":"https:\/\/www.caririemacao.com\/1\/wp-json\/wp\/v2\/types\/post"}],"author":[{"embeddable":true,"href":"https:\/\/www.caririemacao.com\/1\/wp-json\/wp\/v2\/users\/1"}],"replies":[{"embeddable":true,"href":"https:\/\/www.caririemacao.com\/1\/wp-json\/wp\/v2\/comments?post=144275"}],"version-history":[{"count":1,"href":"https:\/\/www.caririemacao.com\/1\/wp-json\/wp\/v2\/posts\/144275\/revisions"}],"predecessor-version":[{"id":144277,"href":"https:\/\/www.caririemacao.com\/1\/wp-json\/wp\/v2\/posts\/144275\/revisions\/144277"}],"wp:featuredmedia":[{"embeddable":true,"href":"https:\/\/www.caririemacao.com\/1\/wp-json\/wp\/v2\/media\/144276"}],"wp:attachment":[{"href":"https:\/\/www.caririemacao.com\/1\/wp-json\/wp\/v2\/media?parent=144275"}],"wp:term":[{"taxonomy":"category","embeddable":true,"href":"https:\/\/www.caririemacao.com\/1\/wp-json\/wp\/v2\/categories?post=144275"},{"taxonomy":"post_tag","embeddable":true,"href":"https:\/\/www.caririemacao.com\/1\/wp-json\/wp\/v2\/tags?post=144275"}],"curies":[{"name":"wp","href":"https:\/\/api.w.org\/{rel}","templated":true}]}}