{"id":144280,"date":"2020-01-03T07:21:00","date_gmt":"2020-01-03T10:21:00","guid":{"rendered":"http:\/\/www.caririemacao.com\/1\/?p=144280"},"modified":"2020-01-03T07:21:00","modified_gmt":"2020-01-03T10:21:00","slug":"vendas-de-veiculos-crescem-1048-em-2019","status":"publish","type":"post","link":"https:\/\/www.caririemacao.com\/1\/2020\/01\/03\/vendas-de-veiculos-crescem-1048-em-2019\/","title":{"rendered":"Vendas de ve\u00edculos crescem 10,48% em 2019"},"content":{"rendered":"\n<p>&nbsp;As vendas de ve\u00edculos subiram em 2019 e o balan\u00e7o do ano ficou positivo em todos os segmentos, segundo dados divulgados nesta quinta-feira (2) pela Fenabrave (Federa\u00e7\u00e3o Nacional da Distribui\u00e7\u00e3o de Ve\u00edculos Automotores).<\/p>\n\n\n\n<p>De janeiro a dezembro do ano passado foram vendidos 383 mil mais do que em 2018, um alta de 10,48%.<\/p>\n\n\n\n<p>Separado por tipo de ve\u00edculo, os melhores desempenhos, no ano, ficaram entre os implementos rodovi\u00e1rios (alta de 41,93%), \u00f4nibus (38,94%) e caminh\u00f5es (33,12%).&nbsp;<br>Em dezembro, 370 mil ve\u00edculos foram vendidos, dos quais 215,3 mil eram autom\u00f3veis. Na compara\u00e7\u00e3o com o mesmo m\u00eas em 2018, a alta foi de 13,72%, entre os carros, e de 12,04%, somados todos os setores.<\/p>\n\n\n\n<p>No ano, as vendas de autom\u00f3veis e de comerciais leves tiveram crescimento de 7,65%, com o emplacamento de 2,6 milh\u00f5es de unidades em 2019.<\/p>\n\n\n\n<p>O presidente da Fenabrave, Alarico Assump\u00e7\u00e3o J\u00fanior, afirmou, em nota, que o cen\u00e1rio de taxa de juros menores e queda nos \u00edndices de desemprego e de inadimpl\u00eancia favoreceram a melhora nos n\u00fameros.<\/p>\n\n\n\n<p>&#8220;Esse cen\u00e1rio impulsionou a oferta de cr\u00e9dito, o que deve continuar em 2020, por isso, confiamos em um novo ciclo de crescimento, ainda que moderado&#8221;, disse.<br>Assump\u00e7\u00e3o afirmou tamb\u00e9m que houve melhora na oferta de cr\u00e9dito, abrindo espa\u00e7o para mais vendas.<\/p>\n\n\n\n<p>Com o resultado positivo em 2019, a Fenabrave aposta em alta de 9,67% para o setor neste ano, o que representar\u00e1 a comercializa\u00e7\u00e3o de 4,3 milh\u00f5es de ve\u00edculos.<\/p>\n","protected":false},"excerpt":{"rendered":"<p>&nbsp;As vendas de ve\u00edculos subiram em 2019 e o balan\u00e7o do ano ficou positivo em todos os segmentos, segundo dados divulgados nesta quinta-feira (2) pela&hellip; <\/p>\n","protected":false},"author":1,"featured_media":144281,"comment_status":"closed","ping_status":"closed","sticky":false,"template":"","format":"standard","meta":{"sfsi_plus_gutenberg_text_before_share":"","sfsi_plus_gutenberg_show_text_before_share":"","sfsi_plus_gutenberg_icon_type":"","sfsi_plus_gutenberg_icon_alignemt":"","sfsi_plus_gutenburg_max_per_row":"","footnotes":""},"categories":[2],"tags":[],"class_list":["post-144280","post","type-post","status-publish","format-standard","has-post-thumbnail","hentry","category-geral"],"_links":{"self":[{"href":"https:\/\/www.caririemacao.com\/1\/wp-json\/wp\/v2\/posts\/144280","targetHints":{"allow":["GET"]}}],"collection":[{"href":"https:\/\/www.caririemacao.com\/1\/wp-json\/wp\/v2\/posts"}],"about":[{"href":"https:\/\/www.caririemacao.com\/1\/wp-json\/wp\/v2\/types\/post"}],"author":[{"embeddable":true,"href":"https:\/\/www.caririemacao.com\/1\/wp-json\/wp\/v2\/users\/1"}],"replies":[{"embeddable":true,"href":"https:\/\/www.caririemacao.com\/1\/wp-json\/wp\/v2\/comments?post=144280"}],"version-history":[{"count":1,"href":"https:\/\/www.caririemacao.com\/1\/wp-json\/wp\/v2\/posts\/144280\/revisions"}],"predecessor-version":[{"id":144282,"href":"https:\/\/www.caririemacao.com\/1\/wp-json\/wp\/v2\/posts\/144280\/revisions\/144282"}],"wp:featuredmedia":[{"embeddable":true,"href":"https:\/\/www.caririemacao.com\/1\/wp-json\/wp\/v2\/media\/144281"}],"wp:attachment":[{"href":"https:\/\/www.caririemacao.com\/1\/wp-json\/wp\/v2\/media?parent=144280"}],"wp:term":[{"taxonomy":"category","embeddable":true,"href":"https:\/\/www.caririemacao.com\/1\/wp-json\/wp\/v2\/categories?post=144280"},{"taxonomy":"post_tag","embeddable":true,"href":"https:\/\/www.caririemacao.com\/1\/wp-json\/wp\/v2\/tags?post=144280"}],"curies":[{"name":"wp","href":"https:\/\/api.w.org\/{rel}","templated":true}]}}