{"id":144288,"date":"2020-01-03T07:26:10","date_gmt":"2020-01-03T10:26:10","guid":{"rendered":"http:\/\/www.caririemacao.com\/1\/?p=144288"},"modified":"2020-01-03T07:26:10","modified_gmt":"2020-01-03T10:26:10","slug":"verao-praia-sol-veja-como-se-prevenir-das-doencas-dessa-estacao","status":"publish","type":"post","link":"https:\/\/www.caririemacao.com\/1\/2020\/01\/03\/verao-praia-sol-veja-como-se-prevenir-das-doencas-dessa-estacao\/","title":{"rendered":"Ver\u00e3o, praia, sol\u2026 Veja como se prevenir das doen\u00e7as dessa esta\u00e7\u00e3o"},"content":{"rendered":"\n<p>O ver\u00e3o chegou e com ele uma preocupa\u00e7\u00e3o: a incid\u00eancia das doen\u00e7as t\u00edpicas da esta\u00e7\u00e3o. Dengue, v\u00edrus da zika, chikungunya e at\u00e9 a febre do mayaro \u2013 em circula\u00e7\u00e3o no Rio de Janeiro \u2013 trar\u00e3o mais preocupa\u00e7\u00e3o nos primeiros meses de 2020, segundo especialistas.<\/p>\n\n\n\n<p>Nova no Brasil, a febre do mayaro \u00e9 transmitida por mosquitos silvestres, que vivem em matas e nas copas das \u00e1rvores, como o haemagogus \u2013o mesmo da febre amarela silvestre. Os sintomas s\u00e3o semelhantes aos da chikungunya (febre, dores de cabe\u00e7a e muscular, al\u00e9m de manchas avermelhadas na pele).<\/p>\n\n\n\n<p>\u201cO ver\u00e3o traz o maior risco devido \u00e0s chuvas associadas ao comportamento das pessoas, que est\u00e3o relaxadas e n\u00e3o se preocupam em eliminar os criadouros do Aedes Aegypti\u201d, afirma Melissa Palmieri, especialista em vigil\u00e2ncia em sa\u00fade e coordenadora-m\u00e9dica do Grupo Pardini.<\/p>\n\n\n\n<p>De 1\u00ba de janeiro a 9 de dezembro de 2019, foram registrados na cidade de S\u00e3o Paulo 16.676 casos de dengue e outras tr\u00eas mortes em decorr\u00eancia da doen\u00e7a, al\u00e9m de um caso de chikungunya, segundo dados da Covisa (Coordena\u00e7\u00e3o de Vigil\u00e2ncia em Sa\u00fade), \u00f3rg\u00e3o ligado \u00e0 Secretaria Municipal da Sa\u00fade.<\/p>\n\n\n\n<p>Foi o segundo maior n\u00famero de casos da doen\u00e7a em S\u00e3o Paulo. S\u00f3 perde para 2015, quando houve mais de 100 mil notifica\u00e7\u00f5es.<\/p>\n\n\n\n<p>No mesmo per\u00edodo do ano anterior, foram 586 casos de dengue, 34 de chikungunya e 14 de febre amarela com seis mortes pela doen\u00e7a. Em 2017, foram registrados 866 confirma\u00e7\u00f5es de dengue, tr\u00eas de zika e 33 de chikungunya.<\/p>\n\n\n\n<p>Al\u00e9m da expectativa para o aumento de notifica\u00e7\u00f5es destas doen\u00e7as, para 2020 h\u00e1 uma preocupa\u00e7\u00e3o maior. Nos \u00faltimos cinco anos, circulou nos grandes centros o sorotipo 1 da dengue. O 2 est\u00e1 sendo monitorado na cidade de S\u00e3o Paulo desde o ver\u00e3o passado.<\/p>\n\n\n\n<p>\u201cVoc\u00ea tem um contingente de vulner\u00e1veis, porque acredita-se que nos grandes centros urbanos 80% das pessoas j\u00e1 tiveram exposi\u00e7\u00e3o ao v\u00edrus 1 e ficaram suscet\u00edveis a outros tipos. Ent\u00e3o, temos a somat\u00f3ria nada favor\u00e1vel: o ver\u00e3o, a entrada do novo sorotipo e o comportamento das pessoas\u201d, explica Palmieri.<\/p>\n\n\n\n<p>\u201cEssas situa\u00e7\u00f5es adversas v\u00e3o colaborar para que o cen\u00e1rio epidemiol\u00f3gico n\u00e3o seja positivo e nem controlado\u201d, afirma.<\/p>\n\n\n\n<p>Para Raquel Muarrek, infectologista do Hospital S\u00e3o Luiz, em S\u00e3o Paulo, a dengue est\u00e1 mais recorrente e h\u00e1 uma chance de ela ser mais grave (forma hemorr\u00e1gica) por causa do novo sorotipo.<\/p>\n\n\n\n<p>Palmieri refor\u00e7a a import\u00e2ncia de se eliminar os criadouros do mosquito Aedes aegypti semanalmente. \u201cN\u00e3o adianta cobrar do governo se enquanto cidad\u00e3o voc\u00ea n\u00e3o faz a sua parte. A popula\u00e7\u00e3o n\u00e3o aderiu a ideia de que tem obriga\u00e7\u00e3o de cuidar da pr\u00f3pria casa.\u201d<\/p>\n\n\n\n<p>A m\u00e9dica d\u00e1 outras dicas. \u201cGeralmente, a picada do Aedes acontece \u00e0s 8h e por volta das 16h. \u00c9 um mosquito que gosta de cor escura e odor forte, como o chul\u00e9. Use repelente nestes hor\u00e1rios e cores claras.<\/p>\n\n\n\n<p><strong>OUTRAS DOEN\u00c7AS<\/strong><\/p>\n\n\n\n<p>Al\u00e9m das arboviroses, grupo que agrega dengue e chikungunya, outras doen\u00e7as t\u00eam circula\u00e7\u00e3o maior no ver\u00e3o, como as diarreias, os quadros virais, dermatites, conjuntivites, bicho geogr\u00e1fico e as les\u00f5es de pele (micoses de unha e at\u00e9 erisipela, que \u00e9 muito comum nesta \u00e9poca).<\/p>\n\n\n\n<p>As doen\u00e7as diarreicas ocorrem quando h\u00e1 a ingest\u00e3o de alimentos e \u00e1gua contaminados. T\u00eam como principais causas os enterov\u00edrus, principalmente rotav\u00edrus e norov\u00edrus, e as bact\u00e9rias, como a escherichia coli patog\u00eanica e a salmonella, entre outras.<\/p>\n\n\n\n<p>\u00c9 poss\u00edvel evit\u00e1-las adotando medidas simples de higiene. Lavar as m\u00e3os antes de preparar ou consumir alimentos, guard\u00e1-los em recipientes fechados, higienizar alimentos crus, consumir os alimentos cozidos imediatamente ap\u00f3s o preparo e em temperatura quente; beber \u00e1gua pot\u00e1vel, guardar as sobras em geladeiras e sempre reaquec\u00ea-las antes de consumir s\u00e3o algumas atitudes preventivas.<\/p>\n\n\n\n<p>O bicho geogr\u00e1fico \u00e9 contra\u00eddo na praia. Os m\u00e9dicos recomendam evitar ficar descal\u00e7o na areia, principalmente perto do cal\u00e7ad\u00e3o onde a incid\u00eancia de fezes e urina de animais dom\u00e9sticos \u00e9 maior. Em condom\u00ednios, o ideal \u00e9 cobrir os brinquedos do playground para impedir que c\u00e3es e gatos sujem o local.<\/p>\n\n\n\n<p>No ver\u00e3o, aumenta a circula\u00e7\u00e3o do v\u00edrus da conjuntivite. Co\u00e7ar os olhos sem lavar as m\u00e3os, frequentar piscinas e aglomera\u00e7\u00f5es e compartilhar objetos de uso comum aumentam as chances de cont\u00e1gio da doen\u00e7a.<\/p>\n\n\n\n<p>Muarrek recomenda redobrar os cuidados com a higiene, principalmente se viajar a locais com muita chuva. \u201cHidrate-se, lave bem as m\u00e3os e evite \u00e1gua de bica. Beber \u00e1gua que n\u00e3o \u00e9 pot\u00e1vel aumenta o risco de hepatite A. As \u00e1guas de enchente podem transmitir leptospirose se o local for infestado por roedores. Quem gosta de acampar deve tomar cuidado com carrapatos. O contato causa a febre maculosa\u201d, alerta Muarrek.<\/p>\n\n\n\n<p>Outra dica \u00e9 usar repelentes com icaridina (princ\u00edpio ativo derivado da pimenta), se vestir com cal\u00e7a e blusa comprida. E mais: evite roupas escuras que atraem o mosquito.<\/p>\n\n\n\n<p><strong>DOEN\u00c7AS DO VER\u00c3O<\/strong><\/p>\n\n\n\n<p><strong>ARBOVIROSES<\/strong><\/p>\n\n\n\n<p><strong>Dengue, zika, chikungunya, febre amarela e febre do mayaro<\/strong><\/p>\n\n\n\n<p><em><strong>Transmiss\u00e3o:<\/strong>&nbsp;picada do Aedes aegypti<\/em><br><em><strong>Como ocorre:<\/strong>&nbsp;mosquisto \u00e9 atra\u00eddo por odores fortes e cores escuras; costuma picar as pessoas por volta das 8h e 16h<\/em><br><em><strong>Preven\u00e7\u00e3o:<\/strong>&nbsp;elimine criadouros \u2013retire a \u00e1gua acumulada em pratos de plantas, pneus, telhas e etc<\/em><\/p>\n\n\n\n<p>*<\/p>\n\n\n\n<p><strong>Febre do mayaro<\/strong><\/p>\n\n\n\n<p><em><strong>Transmiss\u00e3o:<\/strong>&nbsp;Haemagogus, o mesmo da febre amarela silvestre<\/em><\/p>\n\n\n\n<p>*<\/p>\n\n\n\n<p><strong>Doen\u00e7as diarreicas<\/strong><\/p>\n\n\n\n<p><em><strong>O que s\u00e3o:<\/strong>&nbsp;ocorrem quando h\u00e1 a ingest\u00e3o de alimentos e \u00e1gua contaminados<\/em><br><em><strong>Transmiss\u00e3o:<\/strong>&nbsp;enterov\u00edrus e bact\u00e9rias<\/em><\/p>\n\n\n\n<p><strong><em>Preven\u00e7\u00e3o<\/em><\/strong><\/p>\n\n\n\n<p><em>1) Lave as m\u00e3os antes de preparar ou consumir alimentos<\/em><br><em>2) guarde os alimentos em recipientes fechados<\/em><br><em>3) higienize alimentos crus<\/em><br><em>4) consuma alimentos cozidos imediatamente ap\u00f3s o preparo e em temperatura quente<\/em><br><em>5) beba \u00e1gua pot\u00e1vel<\/em><br><em>6) guarde as sobras em geladeiras e sempre reaque\u00e7a antes de consumir<\/em><\/p>\n\n\n\n<p>*<\/p>\n\n\n\n<p><strong>Bicho geogr\u00e1fico (verme)<\/strong><\/p>\n\n\n\n<p><em><strong>Preven\u00e7\u00e3o:<\/strong>&nbsp;n\u00e3o ande descal\u00e7o na areia da praia; em condom\u00ednios, cubra os brinquedos do playground para impedir que c\u00e3es e gatos depositem fezes e urina no local<\/em><\/p>\n","protected":false},"excerpt":{"rendered":"<p>O ver\u00e3o chegou e com ele uma preocupa\u00e7\u00e3o: a incid\u00eancia das doen\u00e7as t\u00edpicas da esta\u00e7\u00e3o. Dengue, v\u00edrus da zika, chikungunya e at\u00e9 a febre do&hellip; <\/p>\n","protected":false},"author":1,"featured_media":94637,"comment_status":"closed","ping_status":"closed","sticky":false,"template":"","format":"standard","meta":{"sfsi_plus_gutenberg_text_before_share":"","sfsi_plus_gutenberg_show_text_before_share":"","sfsi_plus_gutenberg_icon_type":"","sfsi_plus_gutenberg_icon_alignemt":"","sfsi_plus_gutenburg_max_per_row":"","footnotes":""},"categories":[2],"tags":[],"class_list":["post-144288","post","type-post","status-publish","format-standard","has-post-thumbnail","hentry","category-geral"],"_links":{"self":[{"href":"https:\/\/www.caririemacao.com\/1\/wp-json\/wp\/v2\/posts\/144288","targetHints":{"allow":["GET"]}}],"collection":[{"href":"https:\/\/www.caririemacao.com\/1\/wp-json\/wp\/v2\/posts"}],"about":[{"href":"https:\/\/www.caririemacao.com\/1\/wp-json\/wp\/v2\/types\/post"}],"author":[{"embeddable":true,"href":"https:\/\/www.caririemacao.com\/1\/wp-json\/wp\/v2\/users\/1"}],"replies":[{"embeddable":true,"href":"https:\/\/www.caririemacao.com\/1\/wp-json\/wp\/v2\/comments?post=144288"}],"version-history":[{"count":1,"href":"https:\/\/www.caririemacao.com\/1\/wp-json\/wp\/v2\/posts\/144288\/revisions"}],"predecessor-version":[{"id":144289,"href":"https:\/\/www.caririemacao.com\/1\/wp-json\/wp\/v2\/posts\/144288\/revisions\/144289"}],"wp:featuredmedia":[{"embeddable":true,"href":"https:\/\/www.caririemacao.com\/1\/wp-json\/wp\/v2\/media\/94637"}],"wp:attachment":[{"href":"https:\/\/www.caririemacao.com\/1\/wp-json\/wp\/v2\/media?parent=144288"}],"wp:term":[{"taxonomy":"category","embeddable":true,"href":"https:\/\/www.caririemacao.com\/1\/wp-json\/wp\/v2\/categories?post=144288"},{"taxonomy":"post_tag","embeddable":true,"href":"https:\/\/www.caririemacao.com\/1\/wp-json\/wp\/v2\/tags?post=144288"}],"curies":[{"name":"wp","href":"https:\/\/api.w.org\/{rel}","templated":true}]}}