{"id":144306,"date":"2020-01-03T09:55:48","date_gmt":"2020-01-03T12:55:48","guid":{"rendered":"http:\/\/www.caririemacao.com\/1\/?p=144306"},"modified":"2020-01-03T09:55:48","modified_gmt":"2020-01-03T12:55:48","slug":"prefeitura-de-monteiro-inicia-o-ano-com-campanha-educativa-permanente-sobre-transito","status":"publish","type":"post","link":"https:\/\/www.caririemacao.com\/1\/2020\/01\/03\/prefeitura-de-monteiro-inicia-o-ano-com-campanha-educativa-permanente-sobre-transito\/","title":{"rendered":"Prefeitura de Monteiro inicia o ano com campanha educativa permanente sobre tr\u00e2nsito"},"content":{"rendered":"\n<div class=\"wp-block-image\"><figure class=\"alignleft\"><img decoding=\"async\" data-src=\"https:\/\/i1.wp.com\/www.vitrinedocariri.com.br\/wp-content\/uploads\/2020\/01\/Prefeitura-de-Monteiro-inicia-o-ano-com-campanha-educativa-permanentesobre-tr%C3%A2nsito.jpeg?zoom=2&amp;resize=330%2C186&amp;ssl=1\" alt=\"\" class=\"wp-image-61060 lazyload\" src=\"data:image\/svg+xml;base64,PHN2ZyB3aWR0aD0iMSIgaGVpZ2h0PSIxIiB4bWxucz0iaHR0cDovL3d3dy53My5vcmcvMjAwMC9zdmciPjwvc3ZnPg==\" \/><\/figure><\/div>\n\n\n\n<p>O ano de 2020 come\u00e7a a todo vapor no Munic\u00edpio de Monteiro. Uma das a\u00e7\u00f5es j\u00e1 executadas nos primeiros dias do ano tem o intuito de incentivar o exerc\u00edcio da reflex\u00e3o nos motoristas, motociclistas, ciclistas e pedestres.<br>A a\u00e7\u00e3o permanente tem como principal objetivo reduzir \u00edndices de acidentes, principalmente com v\u00edtimas, nas ruas, avenidas e rodovias que cortam a cidade, bem como a conscientiza\u00e7\u00e3o da popula\u00e7\u00e3o da zona rural.<\/p>\n\n\n\n<p>Em todos os pontos de moto-taxi do munic\u00edpio foram fixadas mensagens de reflex\u00e3o sobre o tr\u00e2nsito. De acordo com o superintendente da Montran, Valdecy Silva, o motorista consciente precisa dirigir com prud\u00eancia e evitar ultrapassar a velocidade permitida, manter dist\u00e2ncia de seguran\u00e7a do ve\u00edculo da frente, n\u00e3o entregar a dire\u00e7\u00e3o \u00e0s pessoas sem habilita\u00e7\u00e3o ou a menores, al\u00e9m de respeitar o espa\u00e7o dos pedestres e ciclistas. Outro ponto tamb\u00e9m abordado na campanha chama a aten\u00e7\u00e3o sobre o uso de celulares durante a dire\u00e7\u00e3o dos ve\u00edculos.<\/p>\n\n\n\n<p>Segundo ele, um grande n\u00famero de condutores insiste em dirigir utilizando o celular, assumindo o risco de causar acidentes, pois estudos comprovam que os reflexos quanto ao uso do aparelho \u00e9 comparado aos de uma pessoa alcoolizada.<\/p>\n\n\n\n<p>\u201cDurante chamadas breves, o risco de ocorrer uma colis\u00e3o \u00e9 quadruplicado, visto que o tempo de resposta do reflexo \u00e9 triplicado. Ainda temos que nos policiar com rela\u00e7\u00e3o \u00e0s mensagens de texto, que tamb\u00e9m tem grande ocorr\u00eancia\u201d \u2013 observa.<\/p>\n\n\n\n<p>O superintendente ainda ressalta que o trabalho de educa\u00e7\u00e3o para o tr\u00e2nsito \u00e9 realizado de forma cont\u00ednua, buscando orientar pedestres e motoristas sobre a legisla\u00e7\u00e3o.<\/p>\n","protected":false},"excerpt":{"rendered":"<p>O ano de 2020 come\u00e7a a todo vapor no Munic\u00edpio de Monteiro. Uma das a\u00e7\u00f5es j\u00e1 executadas nos primeiros dias do ano tem o intuito&hellip; <\/p>\n","protected":false},"author":1,"featured_media":144308,"comment_status":"closed","ping_status":"closed","sticky":false,"template":"","format":"standard","meta":{"sfsi_plus_gutenberg_text_before_share":"","sfsi_plus_gutenberg_show_text_before_share":"","sfsi_plus_gutenberg_icon_type":"","sfsi_plus_gutenberg_icon_alignemt":"","sfsi_plus_gutenburg_max_per_row":"","footnotes":""},"categories":[6,50],"tags":[],"class_list":["post-144306","post","type-post","status-publish","format-standard","has-post-thumbnail","hentry","category-cidades","category-destaque"],"_links":{"self":[{"href":"https:\/\/www.caririemacao.com\/1\/wp-json\/wp\/v2\/posts\/144306","targetHints":{"allow":["GET"]}}],"collection":[{"href":"https:\/\/www.caririemacao.com\/1\/wp-json\/wp\/v2\/posts"}],"about":[{"href":"https:\/\/www.caririemacao.com\/1\/wp-json\/wp\/v2\/types\/post"}],"author":[{"embeddable":true,"href":"https:\/\/www.caririemacao.com\/1\/wp-json\/wp\/v2\/users\/1"}],"replies":[{"embeddable":true,"href":"https:\/\/www.caririemacao.com\/1\/wp-json\/wp\/v2\/comments?post=144306"}],"version-history":[{"count":1,"href":"https:\/\/www.caririemacao.com\/1\/wp-json\/wp\/v2\/posts\/144306\/revisions"}],"predecessor-version":[{"id":144309,"href":"https:\/\/www.caririemacao.com\/1\/wp-json\/wp\/v2\/posts\/144306\/revisions\/144309"}],"wp:featuredmedia":[{"embeddable":true,"href":"https:\/\/www.caririemacao.com\/1\/wp-json\/wp\/v2\/media\/144308"}],"wp:attachment":[{"href":"https:\/\/www.caririemacao.com\/1\/wp-json\/wp\/v2\/media?parent=144306"}],"wp:term":[{"taxonomy":"category","embeddable":true,"href":"https:\/\/www.caririemacao.com\/1\/wp-json\/wp\/v2\/categories?post=144306"},{"taxonomy":"post_tag","embeddable":true,"href":"https:\/\/www.caririemacao.com\/1\/wp-json\/wp\/v2\/tags?post=144306"}],"curies":[{"name":"wp","href":"https:\/\/api.w.org\/{rel}","templated":true}]}}