{"id":144312,"date":"2020-01-03T09:57:23","date_gmt":"2020-01-03T12:57:23","guid":{"rendered":"http:\/\/www.caririemacao.com\/1\/?p=144312"},"modified":"2020-01-03T09:57:23","modified_gmt":"2020-01-03T12:57:23","slug":"paraiba-comeca-2020-com-um-acude-no-cariri-sangrando-e-33-em-situacao-critica-diz-aesa-confira-os-volumes-dos-mananciais","status":"publish","type":"post","link":"https:\/\/www.caririemacao.com\/1\/2020\/01\/03\/paraiba-comeca-2020-com-um-acude-no-cariri-sangrando-e-33-em-situacao-critica-diz-aesa-confira-os-volumes-dos-mananciais\/","title":{"rendered":"Para\u00edba come\u00e7a 2020 com um a\u00e7ude no Cariri sangrando e 33 em situa\u00e7\u00e3o cr\u00edtica, diz Aesa; Confira os volumes dos mananciais"},"content":{"rendered":"\n<div class=\"wp-block-image\"><figure class=\"aligncenter\"><img decoding=\"async\" data-src=\"http:\/\/deolhonocariri.com.br\/wp-content\/uploads\/2019\/11\/barragem-de-sao-jose.jpg\" alt=\"\" class=\"wp-image-74325 lazyload\" src=\"data:image\/svg+xml;base64,PHN2ZyB3aWR0aD0iMSIgaGVpZ2h0PSIxIiB4bWxucz0iaHR0cDovL3d3dy53My5vcmcvMjAwMC9zdmciPjwvc3ZnPg==\" \/><\/figure><\/div>\n\n\n\n<p>Um levantamento feito com base nos \u00faltimos volumes registrados em a\u00e7udes localizados na Para\u00edba mostra que o estado come\u00e7ou o ano de 2020 com um a\u00e7ude sangrando e outros 33 em situa\u00e7\u00e3o cr\u00edtica, com menos de 5% da capacidade total. Os dados s\u00e3o da Ag\u00eancia Executiva de Gest\u00e3o das \u00c1guas da Para\u00edba (Aesa), respons\u00e1vel pelo monitoramento de 134 reservat\u00f3rios.<\/p>\n\n\n\n<p>Ainda conforme os&nbsp;volumes extra\u00eddos do site da institui\u00e7\u00e3o&nbsp;na quinta-feira (2), o \u00fanico manancial paraibano que est\u00e1 sangrando \u00e9 o S\u00e3o Jos\u00e9 II, localizado em Monteiro, no Cariri do estado. O reservat\u00f3rio possui capacidade para 1.311.540 m\u00b3 de \u00e1gua e conta com 1.311.540 m\u00b3.<\/p>\n\n\n\n<p>Outros 47 mananciais est\u00e3o em observa\u00e7\u00e3o, com menos de 20% do volume total. Outros 53 est\u00e3o com volume maior que 20% da capacidade total.<\/p>\n\n\n\n<p>De acordo com a Aesa, os per\u00edodos chuvosos da Para\u00edba ocorrem geralmente no primeiro semestre do ano, dependendo da regi\u00e3o. Segundo a meteorologista Marle Bandeira, a&nbsp;previs\u00e3o do tempo para o primeiro trimestre de 2020 favorece a ocorr\u00eancia de chuvas.<\/p>\n\n\n\n<p>\u201cAs chuvas devem se comportar dentro da m\u00e9dia. Mas a previs\u00e3o di\u00e1ria \u00e9 que vai dizer em que bacias elas v\u00e3o se concentrar\u201d, explicou Marle.<\/p>\n\n\n\n<p><strong>Veja a lista de a\u00e7udes com menos de 5% do volume<\/strong><\/p>\n\n\n\n<ul class=\"wp-block-list\"><li>Algod\u00e3o, em Algod\u00e3o de Janda\u00edra<\/li><li>Arrojado, em Uira\u00fana<\/li><li>Capivara, em Uira\u00fana<\/li><li>Caraibeiras, em Picu\u00ed<\/li><li>Chupadouro I, em S\u00e3o Jos\u00e9 do Rio do Peixe<\/li><li>Cov\u00e3o, em Areial<\/li><li>Curimata\u00fa, em Barra de Santa Rosa<\/li><li>Em\u00eddio, em Montadas<\/li><li>Felismina Queiroz, S\u00e3o Vicente do Serid\u00f3<\/li><li>Gamela, em Triunfo<\/li><li>Jandaia, em Bananeiras<\/li><li>Jatob\u00e1 II, em Princesa Isabel<\/li><li>Mamuleco, em Ibiara<\/li><li>Manguape, em S\u00e3o Sebasti\u00e3o de Lagoa de Ro\u00e7a<\/li><li>Milh\u00e3 (Evaldo Gon\u00e7alves), em Puxinan\u00e3<\/li><li>Nova Camar\u00e1, em Alagoa Nova<\/li><li>Olivedos, em Olivedos<\/li><li>Ouro Velho, em Ouro Velho<\/li><li>Pocinhos, em Monteiro<\/li><li>Poleiros, em Barra de Santa Rosa<\/li><li>Prata II, na Prata<\/li><li>Riacho de Santo Ant\u00f4nio, em Riacho de Santo Ant\u00f4nio<\/li><li>Sabonete, em Teixeira<\/li><li>Santa Rosa, em Brejo do Cruz<\/li><li>Serra Branca II, em Serra Branca<\/li><li>Serrote, em Monteiro<\/li><li>Soledade, em Soledade<\/li><li>Sum\u00e9, em Sum\u00e9<\/li><li>S\u00e3o Mamede, em S\u00e3o Mamede<\/li><li>S\u00e3o Paulo, na Prata<\/li><li>Tapera, em Brejo do Cruz<\/li><li>V\u00e1rzea, em V\u00e1rzea<\/li><li>V\u00e1rzea Grande, em Picu\u00ed<\/li><\/ul>\n\n\n\n<p><strong>Veja a lista de a\u00e7udes com menos de 20% do volume<\/strong><\/p>\n\n\n\n<ul class=\"wp-block-list\"><li>Acau\u00e3 (Argemiro de Figueiredo), em Itatuba<\/li><li>Bastiana, em Teixeira<\/li><li>Bom Jesus, em Carrapateira<\/li><li>Bom Jesus II, em \u00c1gua Branca<\/li><li>Boqueir\u00e3o do Cais, em Cuit\u00e9<\/li><li>Bruscas, em Curral Velho<\/li><li>Cacimbinha, em S\u00e3o Vicente do Serid\u00f3<\/li><li>Camala\u00fa, em Camala\u00fa<\/li><li>Campos, em Cara\u00fabas<\/li><li>Canaf\u00edstula II, em Borborema<\/li><li>Carneiro, em Jeric\u00f3<\/li><li>Chupadouro II, em Serra Redonda<\/li><li>Cochos, em Igaracy<\/li><li>Cordeiro, no Congo<\/li><li>Coremas, em Coremas<\/li><li>Coronel Jueca, em Cacimbas<\/li><li>Engenheiro Arcoverde, no Condado<\/li><li>Engenheiro \u00c1vidos, em Cajazeiras<\/li><li>Epit\u00e1cio Pessoa, em Boqueir\u00e3o<\/li><li>Escondido, em Bel\u00e9m do Brejo do Cruz<\/li><li>Frutuoso II, em Aguiar<\/li><li>Gl\u00f3ria, em Juru<\/li><li>Gurj\u00e3o, em Gurj\u00e3o<\/li><li>Jenipapeiro (Bui\u00fa), em Olho D`\u00c1gua<\/li><li>Jos\u00e9 Rodrigues, em Campina Grande<\/li><li>Lagoa do Arroz, em Cajazeiras<\/li><li>Livramento (Russos), em Livramento<\/li><li>Mucutu, em Juazeirinho<\/li><li>M\u00e3e D\u2019\u00e1gua, em Coremas<\/li><li>Namorado, em S\u00e3o Jo\u00e3o do Cariri ]<\/li><li>Novo II, em Tavares<\/li><li>Para\u00edso (Luiz Oliveira), em S\u00e3o Francisco<\/li><li>Pil\u00f5es, em S\u00e3o Jo\u00e3o do Rio do Peixe<\/li><li>Pirpirituba, em Pirpirituba<\/li><li>Po\u00e7\u00f5es, em Monteiro<\/li><li>Riacho das Mo\u00e7as, em Teixeira<\/li><li>Riacho dos Cavalos, em Riacho dos Cavalos<\/li><li>Riacho Verde, em Boa Ventura<\/li><li>Santa Luzia, em Santa Luzia<\/li><li>Serra Branca I, em Serra Branca<\/li><li>Serra Vermelha I, em Concei\u00e7\u00e3o<\/li><li>S\u00e3o Domingos, em S\u00e3o Domingos do Cariri<\/li><li>S\u00e3o Francisco II, em Teixeira<\/li><li>S\u00e3o Jos\u00e9 IV, em S\u00e3o Jos\u00e9 do Sabugi<\/li><li>S\u00e3o Sebasti\u00e3o, em S\u00e3o Sebasti\u00e3o de Lagoa de Ro\u00e7a<\/li><li>Timba\u00faba, em Juru<\/li><li>Vaca Brava, em Areia<\/li><\/ul>\n\n\n\n<p><strong>Veja a lista de a\u00e7udes com mais de 20% do volume<\/strong><\/p>\n\n\n\n<ul class=\"wp-block-list\"><li>Albino, em Imaculada<\/li><li>Ara\u00e7agi, em Ara\u00e7agi<\/li><li>Bai\u00e3o, em S\u00e3o Jos\u00e9 do Brejo do Cruz<\/li><li>Bartolomeu I, em Bonito de Santa F\u00e9<\/li><li>Bichinho, em Barra de S\u00e3o Miguel<\/li><li>Brejinho, em Juarez T\u00e1vora<\/li><li>Cachoeira da Vaca, em Cachoeira dos \u00cdndios<\/li><li>Cachoeira dos Alves, em Itaporanga<\/li><li>Cachoeira dos Cegos, em Catingueira<\/li><li>Cacimba de V\u00e1rzea, em Cacimba de Dentro<\/li><li>Cafund\u00f3, em Serra Grande<\/li><li>Capoeira, em Santa Terezinha<\/li><li>Catol\u00e9 I, em Mana\u00edra<\/li><li>Ch\u00e3 dos Pereiras, em Ing\u00e1<\/li><li>Condado, em Concei\u00e7\u00e3o<\/li><li>Duas Estradas, em Duas Estradas<\/li><li>Emas, em Emas<\/li><li>Farinha, em Patos<\/li><li>Gavi\u00e3o, em Fagundes<\/li><li>Gramame, no Conde<\/li><li>Jangada, em Mamanguape<\/li><li>Jatob\u00e1 I, em Patos<\/li><li>Jenipapeiro, em S\u00e3o Jos\u00e9 de Lagoa Tapada<\/li><li>Jeremias, em Desterro<\/li><li>Lagoa do Matias, em Bananeiras<\/li><li>Lagoa do Meio, em Tapero\u00e1<\/li><li>Lancha I, em Aguiar<\/li><li>Mar\u00e9s, em Jo\u00e3o Pessoa<\/li><li>Massaranduba, em Massaranduba<\/li><li>Olho D\u2019\u00e1gua, em Mari<\/li><li>Pedra Lisa, em Imaculada<\/li><li>Pimenta, em S\u00e3o Jos\u00e9 de Caiana<\/li><li>Piranhas, em Ibiara<\/li><li>Pitombeira, em Alagoa Grande<\/li><li>Po\u00e7o Redondo, em Santana de Mangueira<\/li><li>Queimadas, em Santana dos Garrotes<\/li><li>Riacho Fundo, em Ten\u00f3rio<\/li><li>Ro\u00e7ado, em Concei\u00e7\u00e3o<\/li><li>Saco, em Nova Olinda<\/li><li>Santa In\u00eas, em Santa In\u00eas<\/li><li>Santo Ant\u00f4nio, em S\u00e3o Sebasti\u00e3o do Umbuzeiro<\/li><li>Saulo Maia, em Areia<\/li><li>Sind\u00f4 Ribeiro, em Massaranduba<\/li><li>Suspiro, em Serra da Raiz<\/li><li>S\u00e3o Gon\u00e7alo, em Sousa<\/li><li>S\u00e3o Jos\u00e9 I, em S\u00e3o Jos\u00e9 de Piranhas<\/li><li>S\u00e3o Jos\u00e9 III, em S\u00e3o Jos\u00e9 dos Cordeiros<\/li><li>S\u00e3o Salvador, em Sap\u00e9<\/li><li>Tapero\u00e1 II (Manoel Marcionilo), em Tapero\u00e1<\/li><li>Tau\u00e1, em Cuitegi<\/li><li>Tavares II, em Tavares<\/li><li>Vazante, em Diamante<\/li><li>Video, em Concei\u00e7\u00e3o<\/li><\/ul>\n\n\n\n<p><em>Informa\u00e7\u00f5es G1 PB<\/em><\/p>\n","protected":false},"excerpt":{"rendered":"<p>Um levantamento feito com base nos \u00faltimos volumes registrados em a\u00e7udes localizados na Para\u00edba mostra que o estado come\u00e7ou o ano de 2020 com um&hellip; <\/p>\n","protected":false},"author":1,"featured_media":144313,"comment_status":"closed","ping_status":"closed","sticky":false,"template":"","format":"standard","meta":{"sfsi_plus_gutenberg_text_before_share":"","sfsi_plus_gutenberg_show_text_before_share":"","sfsi_plus_gutenberg_icon_type":"","sfsi_plus_gutenberg_icon_alignemt":"","sfsi_plus_gutenburg_max_per_row":"","footnotes":""},"categories":[50,2],"tags":[],"class_list":["post-144312","post","type-post","status-publish","format-standard","has-post-thumbnail","hentry","category-destaque","category-geral"],"_links":{"self":[{"href":"https:\/\/www.caririemacao.com\/1\/wp-json\/wp\/v2\/posts\/144312","targetHints":{"allow":["GET"]}}],"collection":[{"href":"https:\/\/www.caririemacao.com\/1\/wp-json\/wp\/v2\/posts"}],"about":[{"href":"https:\/\/www.caririemacao.com\/1\/wp-json\/wp\/v2\/types\/post"}],"author":[{"embeddable":true,"href":"https:\/\/www.caririemacao.com\/1\/wp-json\/wp\/v2\/users\/1"}],"replies":[{"embeddable":true,"href":"https:\/\/www.caririemacao.com\/1\/wp-json\/wp\/v2\/comments?post=144312"}],"version-history":[{"count":1,"href":"https:\/\/www.caririemacao.com\/1\/wp-json\/wp\/v2\/posts\/144312\/revisions"}],"predecessor-version":[{"id":144314,"href":"https:\/\/www.caririemacao.com\/1\/wp-json\/wp\/v2\/posts\/144312\/revisions\/144314"}],"wp:featuredmedia":[{"embeddable":true,"href":"https:\/\/www.caririemacao.com\/1\/wp-json\/wp\/v2\/media\/144313"}],"wp:attachment":[{"href":"https:\/\/www.caririemacao.com\/1\/wp-json\/wp\/v2\/media?parent=144312"}],"wp:term":[{"taxonomy":"category","embeddable":true,"href":"https:\/\/www.caririemacao.com\/1\/wp-json\/wp\/v2\/categories?post=144312"},{"taxonomy":"post_tag","embeddable":true,"href":"https:\/\/www.caririemacao.com\/1\/wp-json\/wp\/v2\/tags?post=144312"}],"curies":[{"name":"wp","href":"https:\/\/api.w.org\/{rel}","templated":true}]}}