{"id":144325,"date":"2020-01-03T10:02:23","date_gmt":"2020-01-03T13:02:23","guid":{"rendered":"http:\/\/www.caririemacao.com\/1\/?p=144325"},"modified":"2020-01-03T10:02:23","modified_gmt":"2020-01-03T13:02:23","slug":"paraiba-recebe-r-13-bilhao-do-bndes-para-implantar-doze-parques-eolicos","status":"publish","type":"post","link":"https:\/\/www.caririemacao.com\/1\/2020\/01\/03\/paraiba-recebe-r-13-bilhao-do-bndes-para-implantar-doze-parques-eolicos\/","title":{"rendered":"Para\u00edba recebe R$ 1,3 bilh\u00e3o do BNDES para implantar doze parques e\u00f3licos"},"content":{"rendered":"\n<div class=\"wp-block-image\"><figure class=\"aligncenter\"><img decoding=\"async\" data-src=\"http:\/\/deolhonocariri.com.br\/wp-content\/uploads\/2020\/01\/energia_eolica.jpg\" alt=\"\" class=\"wp-image-75942 lazyload\" src=\"data:image\/svg+xml;base64,PHN2ZyB3aWR0aD0iMSIgaGVpZ2h0PSIxIiB4bWxucz0iaHR0cDovL3d3dy53My5vcmcvMjAwMC9zdmciPjwvc3ZnPg==\" \/><\/figure><\/div>\n\n\n\n<p>A Para\u00edba vai receber um financiamento total de R$ 1,3 bilh\u00e3o para a implanta\u00e7\u00e3o de doze parques e\u00f3licos e sistema de transmiss\u00e3o associado, pelo Banco Nacional de Desenvolvimento Econ\u00f4mico e Social (BNDES). A capacidade instalada \u00e9 de 370,8 MW, o suficiente para abastecer cerca de 840 domic\u00edlios. O valor do financiamento concedido ao projeto corresponde a 80% do investimento total de R$ 1,6 bilh\u00e3o dos doze parques e\u00f3licos.<\/p>\n\n\n\n<p>A constru\u00e7\u00e3o dos parques, que ficar\u00e3o localizados nos munic\u00edpios de Santa Luzia, S\u00e3o Jos\u00e9 do Sabugi, S\u00e3o Mamede e Areia de Bara\u00fanas, teve in\u00edcio no quarto trimestre de 2019 e tem prazo de execu\u00e7\u00e3o de at\u00e9 36 meses, estando prevista a conclus\u00e3o de todos os complexos e\u00f3licos em 2022.<\/p>\n\n\n\n<p>A estimativa \u00e9 de que durante a fase de constru\u00e7\u00e3o sejam gerados cerca de mil empregos diretos e 300 indiretos, sendo grande parte da m\u00e3o de obra proveniente de localidades pr\u00f3ximas ao empreendimento, no interior do estado.<\/p>\n\n\n\n<p>Na opera\u00e7\u00e3o, cada parque e\u00f3lico configura uma Sociedade de Prop\u00f3sito Espec\u00edfico (SPE). Elas s\u00e3o controladas pela For\u00e7a E\u00f3lica do Brasil S.A., que por sua vez, \u00e9 controlada pela Neoenergia, uma empresa do grupo espanhol Iberdrola.<\/p>\n\n\n\n<p>A concess\u00e3o de financiamento ao projeto aumenta a capacidade instalada do sistema el\u00e9trico nacional e contribui para a fortalecimento da cadeia de fornecedores do setor de aerogeradores estabelecida no pa\u00eds.<\/p>\n\n\n\n<p><em>G1 PB<\/em><\/p>\n","protected":false},"excerpt":{"rendered":"<p>A Para\u00edba vai receber um financiamento total de R$ 1,3 bilh\u00e3o para a implanta\u00e7\u00e3o de doze parques e\u00f3licos e sistema de transmiss\u00e3o associado, pelo Banco&hellip; <\/p>\n","protected":false},"author":1,"featured_media":144326,"comment_status":"closed","ping_status":"closed","sticky":false,"template":"","format":"standard","meta":{"sfsi_plus_gutenberg_text_before_share":"","sfsi_plus_gutenberg_show_text_before_share":"","sfsi_plus_gutenberg_icon_type":"","sfsi_plus_gutenberg_icon_alignemt":"","sfsi_plus_gutenburg_max_per_row":"","footnotes":""},"categories":[11],"tags":[],"class_list":["post-144325","post","type-post","status-publish","format-standard","has-post-thumbnail","hentry","category-politica"],"_links":{"self":[{"href":"https:\/\/www.caririemacao.com\/1\/wp-json\/wp\/v2\/posts\/144325","targetHints":{"allow":["GET"]}}],"collection":[{"href":"https:\/\/www.caririemacao.com\/1\/wp-json\/wp\/v2\/posts"}],"about":[{"href":"https:\/\/www.caririemacao.com\/1\/wp-json\/wp\/v2\/types\/post"}],"author":[{"embeddable":true,"href":"https:\/\/www.caririemacao.com\/1\/wp-json\/wp\/v2\/users\/1"}],"replies":[{"embeddable":true,"href":"https:\/\/www.caririemacao.com\/1\/wp-json\/wp\/v2\/comments?post=144325"}],"version-history":[{"count":1,"href":"https:\/\/www.caririemacao.com\/1\/wp-json\/wp\/v2\/posts\/144325\/revisions"}],"predecessor-version":[{"id":144327,"href":"https:\/\/www.caririemacao.com\/1\/wp-json\/wp\/v2\/posts\/144325\/revisions\/144327"}],"wp:featuredmedia":[{"embeddable":true,"href":"https:\/\/www.caririemacao.com\/1\/wp-json\/wp\/v2\/media\/144326"}],"wp:attachment":[{"href":"https:\/\/www.caririemacao.com\/1\/wp-json\/wp\/v2\/media?parent=144325"}],"wp:term":[{"taxonomy":"category","embeddable":true,"href":"https:\/\/www.caririemacao.com\/1\/wp-json\/wp\/v2\/categories?post=144325"},{"taxonomy":"post_tag","embeddable":true,"href":"https:\/\/www.caririemacao.com\/1\/wp-json\/wp\/v2\/tags?post=144325"}],"curies":[{"name":"wp","href":"https:\/\/api.w.org\/{rel}","templated":true}]}}