{"id":144331,"date":"2020-01-03T10:07:15","date_gmt":"2020-01-03T13:07:15","guid":{"rendered":"http:\/\/www.caririemacao.com\/1\/?p=144331"},"modified":"2020-01-03T10:07:15","modified_gmt":"2020-01-03T13:07:15","slug":"prefeito-inacio-nobrega-assegura-emenda-parlamentar-de-r-200-mil-para-secretaria-de-assistencia-social","status":"publish","type":"post","link":"https:\/\/www.caririemacao.com\/1\/2020\/01\/03\/prefeito-inacio-nobrega-assegura-emenda-parlamentar-de-r-200-mil-para-secretaria-de-assistencia-social\/","title":{"rendered":"Prefeito In\u00e1cio N\u00f3brega assegura Emenda parlamentar de R$ 200 mil para Secretaria de Assist\u00eancia Social"},"content":{"rendered":"\n<p>No apagar das luzes do ano de 2019, o prefeito In\u00e1cio N\u00f3brega assegurou mais uma emenda parlamentar junto a Senadora Daniela Ribeiro no valor de R$ 200.000,00 (duzentos mil reais) para custeio de a\u00e7\u00f5es junto ao Fundo Municipal de Assist\u00eancia Social.<\/p>\n\n\n\n<p>Segundo In\u00e1cio, este \u00e9 o resultado de suas idas a Bras\u00edlia com o intuito de buscar sempre o melhor para o munic\u00edpio de Amparo. Teremos um in\u00edcio de ano com muitas a\u00e7\u00f5es visando o desenvolvimento social e econ\u00f4mico do nosso munic\u00edpio.<\/p>\n\n\n\n<p>Ascom<\/p>\n","protected":false},"excerpt":{"rendered":"<p>No apagar das luzes do ano de 2019, o prefeito In\u00e1cio N\u00f3brega assegurou mais uma emenda parlamentar junto a Senadora Daniela Ribeiro no valor de&hellip; <\/p>\n","protected":false},"author":1,"featured_media":144332,"comment_status":"closed","ping_status":"closed","sticky":false,"template":"","format":"standard","meta":{"sfsi_plus_gutenberg_text_before_share":"","sfsi_plus_gutenberg_show_text_before_share":"","sfsi_plus_gutenberg_icon_type":"","sfsi_plus_gutenberg_icon_alignemt":"","sfsi_plus_gutenburg_max_per_row":"","footnotes":""},"categories":[2],"tags":[],"class_list":["post-144331","post","type-post","status-publish","format-standard","has-post-thumbnail","hentry","category-geral"],"_links":{"self":[{"href":"https:\/\/www.caririemacao.com\/1\/wp-json\/wp\/v2\/posts\/144331","targetHints":{"allow":["GET"]}}],"collection":[{"href":"https:\/\/www.caririemacao.com\/1\/wp-json\/wp\/v2\/posts"}],"about":[{"href":"https:\/\/www.caririemacao.com\/1\/wp-json\/wp\/v2\/types\/post"}],"author":[{"embeddable":true,"href":"https:\/\/www.caririemacao.com\/1\/wp-json\/wp\/v2\/users\/1"}],"replies":[{"embeddable":true,"href":"https:\/\/www.caririemacao.com\/1\/wp-json\/wp\/v2\/comments?post=144331"}],"version-history":[{"count":1,"href":"https:\/\/www.caririemacao.com\/1\/wp-json\/wp\/v2\/posts\/144331\/revisions"}],"predecessor-version":[{"id":144333,"href":"https:\/\/www.caririemacao.com\/1\/wp-json\/wp\/v2\/posts\/144331\/revisions\/144333"}],"wp:featuredmedia":[{"embeddable":true,"href":"https:\/\/www.caririemacao.com\/1\/wp-json\/wp\/v2\/media\/144332"}],"wp:attachment":[{"href":"https:\/\/www.caririemacao.com\/1\/wp-json\/wp\/v2\/media?parent=144331"}],"wp:term":[{"taxonomy":"category","embeddable":true,"href":"https:\/\/www.caririemacao.com\/1\/wp-json\/wp\/v2\/categories?post=144331"},{"taxonomy":"post_tag","embeddable":true,"href":"https:\/\/www.caririemacao.com\/1\/wp-json\/wp\/v2\/tags?post=144331"}],"curies":[{"name":"wp","href":"https:\/\/api.w.org\/{rel}","templated":true}]}}