{"id":144352,"date":"2020-01-03T10:17:54","date_gmt":"2020-01-03T13:17:54","guid":{"rendered":"http:\/\/www.caririemacao.com\/1\/?p=144352"},"modified":"2020-01-03T10:17:54","modified_gmt":"2020-01-03T13:17:54","slug":"prefeituras-e-camara-inscrevem-para-selecoes-e-concursos-ate-a-proxima-terca-feira","status":"publish","type":"post","link":"https:\/\/www.caririemacao.com\/1\/2020\/01\/03\/prefeituras-e-camara-inscrevem-para-selecoes-e-concursos-ate-a-proxima-terca-feira\/","title":{"rendered":"Prefeituras e C\u00e2mara inscrevem para sele\u00e7\u00f5es e concursos at\u00e9 a pr\u00f3xima ter\u00e7a-feira"},"content":{"rendered":"\n<p>Quatro Prefeituras e uma C\u00e2mara inscrevem para concursos e sele\u00e7\u00f5es at\u00e9 o dia 7 de janeiro.&nbsp; Ao todo s\u00e3o oferecidas 280 vagas em seis editais e sal\u00e1rios de at\u00e9 12 mil.<\/p>\n\n\n\n<p>Confira os concursos:<\/p>\n\n\n\n<p>C\u00e2mara Municipal de Santa Luzia&nbsp;<\/p>\n\n\n\n<ul class=\"wp-block-list\"><li>Vagas:&nbsp;3<\/li><li>N\u00edveis:&nbsp;fundamental e m\u00e9dio<\/li><li>Sal\u00e1rios:&nbsp;R$ 998 a R$ 1.222,76<\/li><li>Prazo de inscri\u00e7\u00e3o:&nbsp;at\u00e9 7 de janeiro<\/li><li>Local de inscri\u00e7\u00e3o:&nbsp;<a href=\"https:\/\/cpcon.uepb.edu.br\/concursos\/2019_CM_Santa_Luzia\/cm_santa_luzia.htm\">site da organizadora, CPCon<\/a><\/li><li>Taxas de inscri\u00e7\u00e3o:&nbsp;R$ 65 (fundamental) e R$ 85 (m\u00e9dio)<\/li><li>Provas:&nbsp;16 de fevereiro<\/li><li><a href=\"https:\/\/cpcon.uepb.edu.br\/concursos\/2019_CM_Santa_Luzia\/Edital\/2019_cmsantaluzia_edital_normativo.pdf\">Edital do concurso da C\u00e2mara Municipal de Santa Luzia<\/a><\/li><\/ul>\n\n\n\n<p>Sele\u00e7\u00e3o e Concurso da Prefeitura de Gurinh\u00e9m<\/p>\n\n\n\n<ul class=\"wp-block-list\"><li>Vagas:&nbsp;40 | 119<\/li><li>N\u00edveis:&nbsp;fundamental, m\u00e9dio, t\u00e9cnico e superior<\/li><li>Sal\u00e1rios:&nbsp;R$ 998 a R$ 5 mil<\/li><li>Prazo de inscri\u00e7\u00e3o:&nbsp;at\u00e9 7 de janeiro<\/li><li>Local de inscri\u00e7\u00e3o:&nbsp;<a href=\"https:\/\/cpcon.uepb.edu.br\/concursos\/2019_PM_GURINHEM_PSS\/\">site da organizadora, CPCon<\/a><\/li><li>Taxas de inscri\u00e7\u00e3o:&nbsp;R$ 65 (fundamental), R$ 85 (m\u00e9dio e t\u00e9cnico) e R$ 105 (superior)<\/li><li>Provas:&nbsp;16 de fevereiro<\/li><li><a href=\"https:\/\/g1.globo.com\/pb\/paraiba\/noticia\/2019\/12\/18\/incricoes-de-concurso-e-selecao-da-prefeitura-de-gurinhem-sao-prorrogadas-pb.ghtml\">Editais da sele\u00e7\u00e3o e do concurso da prefeitura de Gurinh\u00e9m<\/a><\/li><\/ul>\n\n\n\n<p>Concurso da Prefeitura de Pirpirituba&nbsp;<\/p>\n\n\n\n<ul class=\"wp-block-list\"><li>Vagas:&nbsp;24<\/li><li>N\u00edveis:&nbsp;fundamental, m\u00e9dio, t\u00e9cnico e superior<\/li><li>Sal\u00e1rios:&nbsp;R$ 998 a R$ 2.114<\/li><li>Prazo de inscri\u00e7\u00e3o:&nbsp;at\u00e9 7 de janeiro<\/li><li>Local de inscri\u00e7\u00e3o:&nbsp;<a href=\"https:\/\/cpcon.uepb.edu.br\/concursos\/2019_PM_PIRPIRITUBA\/\">site da organizadora, CPCon<\/a><\/li><li>Taxas de inscri\u00e7\u00e3o:&nbsp;R$ 65 (fundamental), R$ 85 (m\u00e9dio e t\u00e9cnico) e R$ 105 (superior)<\/li><li>Provas:&nbsp;16 de fevereiro<\/li><li><a href=\"https:\/\/cpcon.uepb.edu.br\/concursos\/2019_PM_PIRPIRITUBA\/Edital\/2019_pmpirpirituba_edital_normativo_001.pdf\">Edital do concurso da Prefeitura de Pirpirituba<\/a><\/li><\/ul>\n\n\n\n<p>Prefeitura de Cacimba de Dentro&nbsp;<\/p>\n\n\n\n<ul class=\"wp-block-list\"><li>Vagas:&nbsp;71<\/li><li>N\u00edveis:&nbsp;fundamental, m\u00e9dio, t\u00e9cnico e superior<\/li><li>Sal\u00e1rios:&nbsp;R$ 998 a R$ 10 mil<\/li><li>Prazo de inscri\u00e7\u00e3o:&nbsp;at\u00e9 7 de janeiro<\/li><li>Local de inscri\u00e7\u00e3o:&nbsp;<a href=\"https:\/\/cpcon.uepb.edu.br\/concursos\/2019_PM_Cacimba_de_Dentro\/\">site da organizadora, CPCon<\/a><\/li><li>Taxas de inscri\u00e7\u00e3o:&nbsp;R$ 65 (fundamental), R$ 85 (m\u00e9dio\/t\u00e9cnico) e R$ 105 (superior)<\/li><li>Provas:&nbsp;16 de fevereiro<\/li><li><a href=\"https:\/\/cpcon.uepb.edu.br\/concursos\/2019_PM_Cacimba_de_Dentro\/Edital\/edital_normativo_001_2019_PMCD_PB.pdf\">Edital do concurso da Prefeitura de Cacimba de Dentro<\/a><\/li><\/ul>\n\n\n\n<p>Prefeitura de Cuitegi<\/p>\n\n\n\n<ul class=\"wp-block-list\"><li>Vagas:&nbsp;23<\/li><li>N\u00edveis:&nbsp;m\u00e9dio, t\u00e9cnico e superior<\/li><li>Sal\u00e1rios:&nbsp;R$ 998 a R$ 12 mil<\/li><li>Prazo de inscri\u00e7\u00e3o:&nbsp;at\u00e9 7 de janeiro<\/li><li>Local de inscri\u00e7\u00e3o:&nbsp;<a href=\"https:\/\/cpcon.uepb.edu.br\/concursos\/2019_PM_Cacimba_de_Dentro\/\">site da organizadora, CPCon<\/a><\/li><li>Taxas de inscri\u00e7\u00e3o:&nbsp;R$ 85 (m\u00e9dio\/t\u00e9cnico) e R$ 105 (superior)<\/li><li>Provas:&nbsp;16 de fevereiro<\/li><li><a href=\"https:\/\/cpcon.uepb.edu.br\/concursos\/2019_PM_Cuitegi\/Edital\/edital_normativo_001_2019_PMC_PB.pdf\">Edital do concurso da Prefeitura de Cuitegi<\/a><\/li><\/ul>\n","protected":false},"excerpt":{"rendered":"<p>Quatro Prefeituras e uma C\u00e2mara inscrevem para concursos e sele\u00e7\u00f5es at\u00e9 o dia 7 de janeiro.&nbsp; Ao todo s\u00e3o oferecidas 280 vagas em seis editais&hellip; <\/p>\n","protected":false},"author":1,"featured_media":92258,"comment_status":"closed","ping_status":"closed","sticky":false,"template":"","format":"standard","meta":{"sfsi_plus_gutenberg_text_before_share":"","sfsi_plus_gutenberg_show_text_before_share":"","sfsi_plus_gutenberg_icon_type":"","sfsi_plus_gutenberg_icon_alignemt":"","sfsi_plus_gutenburg_max_per_row":"","footnotes":""},"categories":[6],"tags":[],"class_list":["post-144352","post","type-post","status-publish","format-standard","has-post-thumbnail","hentry","category-cidades"],"_links":{"self":[{"href":"https:\/\/www.caririemacao.com\/1\/wp-json\/wp\/v2\/posts\/144352","targetHints":{"allow":["GET"]}}],"collection":[{"href":"https:\/\/www.caririemacao.com\/1\/wp-json\/wp\/v2\/posts"}],"about":[{"href":"https:\/\/www.caririemacao.com\/1\/wp-json\/wp\/v2\/types\/post"}],"author":[{"embeddable":true,"href":"https:\/\/www.caririemacao.com\/1\/wp-json\/wp\/v2\/users\/1"}],"replies":[{"embeddable":true,"href":"https:\/\/www.caririemacao.com\/1\/wp-json\/wp\/v2\/comments?post=144352"}],"version-history":[{"count":1,"href":"https:\/\/www.caririemacao.com\/1\/wp-json\/wp\/v2\/posts\/144352\/revisions"}],"predecessor-version":[{"id":144353,"href":"https:\/\/www.caririemacao.com\/1\/wp-json\/wp\/v2\/posts\/144352\/revisions\/144353"}],"wp:featuredmedia":[{"embeddable":true,"href":"https:\/\/www.caririemacao.com\/1\/wp-json\/wp\/v2\/media\/92258"}],"wp:attachment":[{"href":"https:\/\/www.caririemacao.com\/1\/wp-json\/wp\/v2\/media?parent=144352"}],"wp:term":[{"taxonomy":"category","embeddable":true,"href":"https:\/\/www.caririemacao.com\/1\/wp-json\/wp\/v2\/categories?post=144352"},{"taxonomy":"post_tag","embeddable":true,"href":"https:\/\/www.caririemacao.com\/1\/wp-json\/wp\/v2\/tags?post=144352"}],"curies":[{"name":"wp","href":"https:\/\/api.w.org\/{rel}","templated":true}]}}