{"id":144366,"date":"2020-01-03T12:41:23","date_gmt":"2020-01-03T15:41:23","guid":{"rendered":"http:\/\/www.caririemacao.com\/1\/?p=144366"},"modified":"2020-01-03T12:41:23","modified_gmt":"2020-01-03T15:41:23","slug":"ataque-dos-eua-impactara-no-preco-dos-combustiveis-diz-bolsonaro","status":"publish","type":"post","link":"https:\/\/www.caririemacao.com\/1\/2020\/01\/03\/ataque-dos-eua-impactara-no-preco-dos-combustiveis-diz-bolsonaro\/","title":{"rendered":"Ataque dos EUA impactar\u00e1 no pre\u00e7o dos combust\u00edveis, diz Bolsonaro"},"content":{"rendered":"\n<p>O presidente Jair Bolsonaro disse hoje (3) que o ataque feito pelos Estados Unidos a um comboio no Iraque, que resultou na morte do comandante de alto escal\u00e3o da Guarda Revolucion\u00e1ria Isl\u00e2mica do Ir\u00e3, dever\u00e1 impactar no pre\u00e7o dos combust\u00edveis no Brasil. Bolsonaro descartou a possibilidade de tabelar o pre\u00e7o do produto para controlar impactos e disse que vai discutir o assunto com a equipe econ\u00f4mica e com o chefe do Gabinete de Seguran\u00e7a Institucional (GSI), general Augusto Heleno.<br><\/p>\n\n\n\n<p>O ataque norte-americano nas proximidades do Aeroporto de Bagd\u00e1 pode acirrar o clima de tens\u00e3o e provocar reflexos em todo o mundo.<\/p>\n\n\n\n<p>\u201cTive algumas informa\u00e7\u00f5es [sobre o ataque] nessa madrugada, e vou me encontrar com o Heleno [do GSI] para me inteirar sobre o que aconteceu para, depois, emitir ju\u00edzo de valor\u201d, disse o presidente ao deixar o Pal\u00e1cio do Alvorada.<\/p>\n\n\n\n<p>Apesar de admitir a preocupa\u00e7\u00e3o com reflexos da crise internacional sobre a economia do pa\u00eds, o governo n\u00e3o pretende intervir em pol\u00edticas de pre\u00e7os como o tabelamento. \u201cQue vai impactar, vai. Agora vamos ver nosso limite aqui, porque j\u00e1 est\u00e1 alto, e se subir mais, complica. Mas n\u00e3o posso tabelar nada. J\u00e1 fizemos esse tipo de pol\u00edtica de tabelamento antes e n\u00e3o deu certo. Vou agora conversar com quem entende do assunto\u201d, completou. Bolsonaro tentou contato com o presidente da Petrobras, Roberto da Cunha Castello Branco, mas eles ainda n\u00e3o conseguiram conversar sobre o assunto.<\/p>\n\n\n\n<p>O presidente Jair Bolsonaro voltou a defender a quebra do monop\u00f3lio da Petrobras como uma alternativa para baratear os combust\u00edveis. \u201cTemos de quebrar o monop\u00f3lio [para evitar a alta dos combust\u00edveis]. A distribui\u00e7\u00e3o \u00e9 ainda o que mais pesa no pre\u00e7o, e depois o ICMS [Imposto sobre Circula\u00e7\u00e3o de Mercadorias e Servi\u00e7os], que \u00e9 um imposto estadual\u201d, acrescentou ao ressaltar que, por o ICMS incidir sobre bases de pre\u00e7os maiores, o aumento do pre\u00e7o acaba agradando governadores, uma vez que aumenta tamb\u00e9m as receitas.<\/p>\n\n\n\n<p>Para Bolsonaro, o Brasil j\u00e1 chegou ao limite no que se refere a cobran\u00e7a de impostos. \u201cN\u00e3o d\u00e1 para aumentar mais imposto no Brasil. Ponto final. No ano passado pagamos por dia mais de R$1 bilh\u00e3o em juros. Foram R$ 400 bilh\u00f5es por ano. A Europa foi reconstru\u00edda, p\u00f3s 2\u00aa guerra mundial, um montante desse. Ent\u00e3o, por ano, pagamos uma reconstru\u00e7\u00e3o da Europa\u201d, disse. Ele ainda lembrou que a queda da taxa b\u00e1sica de juros (Selic) para 4,5% ao ano resultou em uma economia de R$ 110 bilh\u00f5es no corrente ano.<\/p>\n\n\n\n<p>EUA<br>Em fevereiro, Bolsonaro viajar\u00e1 aos EUA para visitar empres\u00e1rios militares do setor energ\u00e9tico interessados em apresentar ao presidente uma tecnologia de transmiss\u00e3o de energia el\u00e9trica sem meio f\u00edsico (linhas de transmiss\u00e3o).<\/p>\n\n\n\n<p>\u201cSe isso for real, de acordo com a dist\u00e2ncia vamos resolver o problema de energia el\u00e9trica de Roraima, passando por cima da floresta. Estamos h\u00e1 sete anos tentando fazer o Linh\u00e3o de Tucuru\u00ed e n\u00e3o conseguimos. Em consequ\u00eancia pagamos mais de R$ 1 bilh\u00e3o em subs\u00eddios, porque n\u00e3o pode passar a linha de transmiss\u00e3o costeando uma reserva ind\u00edgena. Isso \u00e9 o Brasil\u201d, disse o presidente.<\/p>\n","protected":false},"excerpt":{"rendered":"<p>O presidente Jair Bolsonaro disse hoje (3) que o ataque feito pelos Estados Unidos a um comboio no Iraque, que resultou na morte do comandante&hellip; <\/p>\n","protected":false},"author":1,"featured_media":143485,"comment_status":"closed","ping_status":"closed","sticky":false,"template":"","format":"standard","meta":{"sfsi_plus_gutenberg_text_before_share":"","sfsi_plus_gutenberg_show_text_before_share":"","sfsi_plus_gutenberg_icon_type":"","sfsi_plus_gutenberg_icon_alignemt":"","sfsi_plus_gutenburg_max_per_row":"","footnotes":""},"categories":[11],"tags":[],"class_list":["post-144366","post","type-post","status-publish","format-standard","has-post-thumbnail","hentry","category-politica"],"_links":{"self":[{"href":"https:\/\/www.caririemacao.com\/1\/wp-json\/wp\/v2\/posts\/144366","targetHints":{"allow":["GET"]}}],"collection":[{"href":"https:\/\/www.caririemacao.com\/1\/wp-json\/wp\/v2\/posts"}],"about":[{"href":"https:\/\/www.caririemacao.com\/1\/wp-json\/wp\/v2\/types\/post"}],"author":[{"embeddable":true,"href":"https:\/\/www.caririemacao.com\/1\/wp-json\/wp\/v2\/users\/1"}],"replies":[{"embeddable":true,"href":"https:\/\/www.caririemacao.com\/1\/wp-json\/wp\/v2\/comments?post=144366"}],"version-history":[{"count":1,"href":"https:\/\/www.caririemacao.com\/1\/wp-json\/wp\/v2\/posts\/144366\/revisions"}],"predecessor-version":[{"id":144368,"href":"https:\/\/www.caririemacao.com\/1\/wp-json\/wp\/v2\/posts\/144366\/revisions\/144368"}],"wp:featuredmedia":[{"embeddable":true,"href":"https:\/\/www.caririemacao.com\/1\/wp-json\/wp\/v2\/media\/143485"}],"wp:attachment":[{"href":"https:\/\/www.caririemacao.com\/1\/wp-json\/wp\/v2\/media?parent=144366"}],"wp:term":[{"taxonomy":"category","embeddable":true,"href":"https:\/\/www.caririemacao.com\/1\/wp-json\/wp\/v2\/categories?post=144366"},{"taxonomy":"post_tag","embeddable":true,"href":"https:\/\/www.caririemacao.com\/1\/wp-json\/wp\/v2\/tags?post=144366"}],"curies":[{"name":"wp","href":"https:\/\/api.w.org\/{rel}","templated":true}]}}