{"id":144372,"date":"2020-01-03T12:57:00","date_gmt":"2020-01-03T15:57:00","guid":{"rendered":"http:\/\/www.caririemacao.com\/1\/?p=144372"},"modified":"2020-01-03T12:57:00","modified_gmt":"2020-01-03T15:57:00","slug":"devo-vetar-o-fundao-e-passar-por-impeachment-ou-sancionar-pergunta-bolsonaro-na-rede-social","status":"publish","type":"post","link":"https:\/\/www.caririemacao.com\/1\/2020\/01\/03\/devo-vetar-o-fundao-e-passar-por-impeachment-ou-sancionar-pergunta-bolsonaro-na-rede-social\/","title":{"rendered":"&#8216;Devo vetar o fund\u00e3o e passar por impeachment ou sancionar?&#8217;, pergunta Bolsonaro na rede social"},"content":{"rendered":"\n<p>O presidente Jair Bolsonaro usou sua rede social para explicar para seus apoiadores a respeito do Fundo Especial de Financiamento de Campanha (FEFC), conhecido como&#8221;fund\u00e3o eleitoral&#8221;. A aprova\u00e7\u00e3o do &#8220;fund\u00e3o&#8221;, foi sinalizada pelo presidente na manh\u00e3 da quinta-feira (2).<\/p>\n\n\n\n<p>Na publica\u00e7\u00e3o, o presidente pergunta ao seguidores se deve vetar o FEFC ou sacionar.<\/p>\n\n\n\n<p>&#8220;Pelo exposto voc\u00ea acha que devo VETAR o FEFC, incorrer em crime de responsabilidade (quase certo processo de impeachment) ou SANCIONAR?&#8221;, perguntou o presidente.<br><\/p>\n\n\n\n<figure class=\"wp-block-image\"><img decoding=\"async\" data-src=\"https:\/\/www.clickpb.com.br\/media\/filer_public\/00\/09\/0009c7d6-b4f4-4cee-9b6f-c1d5b3d9c7e3\/20200103_094956.jpg\" alt=\"\" src=\"data:image\/svg+xml;base64,PHN2ZyB3aWR0aD0iMSIgaGVpZ2h0PSIxIiB4bWxucz0iaHR0cDovL3d3dy53My5vcmcvMjAwMC9zdmciPjwvc3ZnPg==\" class=\"lazyload\" \/><\/figure>\n\n\n\n<p>A verba de R$ 2 bilh\u00f5es \u00e9 para custear a campanha municipal de 2020.&nbsp;Bolsonaro explica, usando o artigo 85 da Constitui\u00e7\u00e3o Federal, que um eventual veto ao fundo poderia faz\u00ea-lo incorrer em crime de responsabilidade, o que potencialmente acarretaria em um processo de impedimento.<\/p>\n\n\n\n<p>Mesmo nos coment\u00e1rios da explica\u00e7\u00e3o de Bolsonaro no Facebook, apoiadores do presidente continuaram pressionando pelo veto.<\/p>\n\n\n\n<p>&#8220;\u00c9 para VETAR o Fund\u00e3o, sim. Apoiamos voc\u00ea para ir at\u00e9 as \u00faltimas consequ\u00eancias. N\u00e3o fique no meio do caminho. Vai ficar para sempre ref\u00e9m do Congresso?&#8221;, escreveu um seguidor que teve o coment\u00e1rio mais curtido.<\/p>\n\n\n\n<p>Outros apoiadores, no entanto, concordaram com a san\u00e7\u00e3o ao fundo eleitoral, mas sugeriram ao presidente dar mais publicidade \u00e0s explica\u00e7\u00f5es.<\/p>\n\n\n\n<p>&#8220;[O presidente] deveria ir \u00e0 TV em hor\u00e1rio nobre explicar tal situa\u00e7\u00e3o. Assim seus eleitores e os outros entenderiam de uma vez por todas que nem sempre as leis s\u00e3o criadas para benef\u00edcio do povo&#8221;, escreveu outro seguidor.<br><\/p>\n","protected":false},"excerpt":{"rendered":"<p>O presidente Jair Bolsonaro usou sua rede social para explicar para seus apoiadores a respeito do Fundo Especial de Financiamento de Campanha (FEFC), conhecido como&#8221;fund\u00e3o&hellip; <\/p>\n","protected":false},"author":1,"featured_media":135190,"comment_status":"closed","ping_status":"closed","sticky":false,"template":"","format":"standard","meta":{"sfsi_plus_gutenberg_text_before_share":"","sfsi_plus_gutenberg_show_text_before_share":"","sfsi_plus_gutenberg_icon_type":"","sfsi_plus_gutenberg_icon_alignemt":"","sfsi_plus_gutenburg_max_per_row":"","footnotes":""},"categories":[11],"tags":[],"class_list":["post-144372","post","type-post","status-publish","format-standard","has-post-thumbnail","hentry","category-politica"],"_links":{"self":[{"href":"https:\/\/www.caririemacao.com\/1\/wp-json\/wp\/v2\/posts\/144372","targetHints":{"allow":["GET"]}}],"collection":[{"href":"https:\/\/www.caririemacao.com\/1\/wp-json\/wp\/v2\/posts"}],"about":[{"href":"https:\/\/www.caririemacao.com\/1\/wp-json\/wp\/v2\/types\/post"}],"author":[{"embeddable":true,"href":"https:\/\/www.caririemacao.com\/1\/wp-json\/wp\/v2\/users\/1"}],"replies":[{"embeddable":true,"href":"https:\/\/www.caririemacao.com\/1\/wp-json\/wp\/v2\/comments?post=144372"}],"version-history":[{"count":1,"href":"https:\/\/www.caririemacao.com\/1\/wp-json\/wp\/v2\/posts\/144372\/revisions"}],"predecessor-version":[{"id":144373,"href":"https:\/\/www.caririemacao.com\/1\/wp-json\/wp\/v2\/posts\/144372\/revisions\/144373"}],"wp:featuredmedia":[{"embeddable":true,"href":"https:\/\/www.caririemacao.com\/1\/wp-json\/wp\/v2\/media\/135190"}],"wp:attachment":[{"href":"https:\/\/www.caririemacao.com\/1\/wp-json\/wp\/v2\/media?parent=144372"}],"wp:term":[{"taxonomy":"category","embeddable":true,"href":"https:\/\/www.caririemacao.com\/1\/wp-json\/wp\/v2\/categories?post=144372"},{"taxonomy":"post_tag","embeddable":true,"href":"https:\/\/www.caririemacao.com\/1\/wp-json\/wp\/v2\/tags?post=144372"}],"curies":[{"name":"wp","href":"https:\/\/api.w.org\/{rel}","templated":true}]}}