{"id":144380,"date":"2020-01-03T13:01:38","date_gmt":"2020-01-03T16:01:38","guid":{"rendered":"http:\/\/www.caririemacao.com\/1\/?p=144380"},"modified":"2020-01-03T13:01:38","modified_gmt":"2020-01-03T16:01:38","slug":"governador-joao-azevedo-faz-balanco-de-2019-e-projeta-acoes-para-2020","status":"publish","type":"post","link":"https:\/\/www.caririemacao.com\/1\/2020\/01\/03\/governador-joao-azevedo-faz-balanco-de-2019-e-projeta-acoes-para-2020\/","title":{"rendered":"Governador Jo\u00e3o Azev\u00eado faz balan\u00e7o de 2019 e projeta a\u00e7\u00f5es para 2020"},"content":{"rendered":"\n<p>O governador Jo\u00e3o Azev\u00eado (sem partido) agendou para a pr\u00f3xima segunda-feira (6) a primeira solenidade de 2020.<\/p>\n\n\n\n<p>Inicialmente a solenidade chegou a ser anunciada pelo gestor para o final de dezembro, mas a solenidade n\u00e3o aconteceu.<\/p>\n\n\n\n<p>Na ocasi\u00e3o, o gestor far\u00e1 a presta\u00e7\u00e3o de contas do ano de 2019 e anunciar\u00e1 investimentos para 2020. O ato acontecer\u00e1 no Teatro Paulo Pontes, no Espa\u00e7o Cultural, em Jo\u00e3o Pessoa.<\/p>\n\n\n\n<p>Nesta sexta-feira (3), Jo\u00e3o Azev\u00eado promoveu a primeira mudan\u00e7a em sua equipe t\u00e9cnica em 2020. Saiu Neides Nunes, da Secretaria Desenvolvimento Humano, entrou o vereador Tib\u00e9rio Limeira (PSB). Aliada da deputada Cida Ramos (PSB), Nunes foi remanejada para um cargo de assessoria do governador.<\/p>\n\n\n\n<p><strong>MaisPB<\/strong><\/p>\n","protected":false},"excerpt":{"rendered":"<p>O governador Jo\u00e3o Azev\u00eado (sem partido) agendou para a pr\u00f3xima segunda-feira (6) a primeira solenidade de 2020. Inicialmente a solenidade chegou a ser anunciada pelo&hellip; <\/p>\n","protected":false},"author":1,"featured_media":144381,"comment_status":"closed","ping_status":"closed","sticky":false,"template":"","format":"standard","meta":{"sfsi_plus_gutenberg_text_before_share":"","sfsi_plus_gutenberg_show_text_before_share":"","sfsi_plus_gutenberg_icon_type":"","sfsi_plus_gutenberg_icon_alignemt":"","sfsi_plus_gutenburg_max_per_row":"","footnotes":""},"categories":[11],"tags":[],"class_list":["post-144380","post","type-post","status-publish","format-standard","has-post-thumbnail","hentry","category-politica"],"_links":{"self":[{"href":"https:\/\/www.caririemacao.com\/1\/wp-json\/wp\/v2\/posts\/144380","targetHints":{"allow":["GET"]}}],"collection":[{"href":"https:\/\/www.caririemacao.com\/1\/wp-json\/wp\/v2\/posts"}],"about":[{"href":"https:\/\/www.caririemacao.com\/1\/wp-json\/wp\/v2\/types\/post"}],"author":[{"embeddable":true,"href":"https:\/\/www.caririemacao.com\/1\/wp-json\/wp\/v2\/users\/1"}],"replies":[{"embeddable":true,"href":"https:\/\/www.caririemacao.com\/1\/wp-json\/wp\/v2\/comments?post=144380"}],"version-history":[{"count":1,"href":"https:\/\/www.caririemacao.com\/1\/wp-json\/wp\/v2\/posts\/144380\/revisions"}],"predecessor-version":[{"id":144382,"href":"https:\/\/www.caririemacao.com\/1\/wp-json\/wp\/v2\/posts\/144380\/revisions\/144382"}],"wp:featuredmedia":[{"embeddable":true,"href":"https:\/\/www.caririemacao.com\/1\/wp-json\/wp\/v2\/media\/144381"}],"wp:attachment":[{"href":"https:\/\/www.caririemacao.com\/1\/wp-json\/wp\/v2\/media?parent=144380"}],"wp:term":[{"taxonomy":"category","embeddable":true,"href":"https:\/\/www.caririemacao.com\/1\/wp-json\/wp\/v2\/categories?post=144380"},{"taxonomy":"post_tag","embeddable":true,"href":"https:\/\/www.caririemacao.com\/1\/wp-json\/wp\/v2\/tags?post=144380"}],"curies":[{"name":"wp","href":"https:\/\/api.w.org\/{rel}","templated":true}]}}