{"id":144395,"date":"2020-01-03T13:20:20","date_gmt":"2020-01-03T16:20:20","guid":{"rendered":"http:\/\/www.caririemacao.com\/1\/?p=144395"},"modified":"2020-01-03T13:20:20","modified_gmt":"2020-01-03T16:20:20","slug":"assunto-prefeitura-de-monteiro-esclarece-sobre-danificacao-de-arvore-no-centro-da-cidade","status":"publish","type":"post","link":"https:\/\/www.caririemacao.com\/1\/2020\/01\/03\/assunto-prefeitura-de-monteiro-esclarece-sobre-danificacao-de-arvore-no-centro-da-cidade\/","title":{"rendered":"Assunto: Prefeitura de Monteiro esclarece sobre danifica\u00e7\u00e3o de \u00e1rvore no centro da cidade"},"content":{"rendered":"\n<p>A Prefeitura de Monteiro vem a p\u00fablico esclarecer os fatos sobre as den\u00fancias que circulam em redes sociais a cerca da danifica\u00e7\u00e3o de uma \u00e1rvore localizada na lateral da Pra\u00e7a Jo\u00e3o Pessoa.<\/p>\n\n\n\n<p>Segundo a den\u00fancia, um crime ambiental estaria sendo praticado sem nenhuma a\u00e7\u00e3o por parte da Prefeitura de Monteiro. Nesta quest\u00e3o informamos que toda e qualquer poda ou corte de \u00e1rvores deve ser \u00a0comunicada \u00e0 Secretaria de Infraestrutura Municipal, conforme a lei complementar 002\/2000 na ses\u00e3o II: Art. 273 \u2013 \u00c9 proibido o corte ou danifica\u00e7\u00e3o de \u00e1rvore, arbustos e jardins dos logradouros, pra\u00e7as e parques p\u00fablicos.<br>\u00a7 1\u00ba &#8211; As \u00e1rvores que devido a seu estado de conserva\u00e7\u00e3o ou pela sua instabilidade, possam causar perigo aos m\u00f3veis, im\u00f3veis e a integridade f\u00edsica das pessoas, dever\u00e3o ser derrubadas mediante autoriza\u00e7\u00e3o do \u00f3rg\u00e3o ambiental, ou por ele pr\u00f3prio.<\/p>\n\n\n\n<p>Outro ponto abordado na den\u00fancia trata-se do n\u00e3o acompanhamento da a\u00e7\u00e3o. Segundo apurado, a danifica\u00e7\u00e3o da referida \u00e1rvore aconteceu no dia primeiro de janeiro do corrente ano, quando por lei n\u00e3o h\u00e1 expediente por conta do feriado nacional, fazendo-se assim, invi\u00e1vel qualquer atitude da Prefeitura.<\/p>\n\n\n\n<p>A Prefeitura Municipal de Monteiro ainda comunica \u00e0 popula\u00e7\u00e3o que a den\u00fancia ser\u00e1 apurada para que sejam tomadas as provid\u00eancias cab\u00edveis, que conforme a lei supracitada ainda podem ser pass\u00edveis a multa.<br>Informamos ainda que estamos a disposi\u00e7\u00e3o para o esclarecimento de d\u00favidas, recebimento de reclama\u00e7\u00e3o e den\u00fancias atrav\u00e9s da Ouvidoria Municipal pelo 0800 \u2013 095 \u2013 1553 ou na Secretaria de Infraestrutura, de segunda a sexta-feira das 07 \u00e0s 13 horas.<\/p>\n\n\n\n<p>Para conferir a Lei Complementar 002\/2000 na \u00edntegra acesse:<br><a href=\"https:\/\/www.monteiro.pb.gov.br\/public\/storage\/content\/legislacao\/leis-municipais\/1698\/arquivos\/file_201907261057gcZQ.pdf\" target=\"_blank\" rel=\"noreferrer noopener\">https:\/\/www.monteiro.pb.gov.br\/public\/storage\/content\/legislacao\/leis-municipais\/1698\/arquivos\/file_201907261057gcZQ.pdf<\/a><\/p>\n","protected":false},"excerpt":{"rendered":"<p>A Prefeitura de Monteiro vem a p\u00fablico esclarecer os fatos sobre as den\u00fancias que circulam em redes sociais a cerca da danifica\u00e7\u00e3o de uma \u00e1rvore&hellip; <\/p>\n","protected":false},"author":1,"featured_media":144396,"comment_status":"closed","ping_status":"closed","sticky":false,"template":"","format":"standard","meta":{"sfsi_plus_gutenberg_text_before_share":"","sfsi_plus_gutenberg_show_text_before_share":"","sfsi_plus_gutenberg_icon_type":"","sfsi_plus_gutenberg_icon_alignemt":"","sfsi_plus_gutenburg_max_per_row":"","footnotes":""},"categories":[2],"tags":[],"class_list":["post-144395","post","type-post","status-publish","format-standard","has-post-thumbnail","hentry","category-geral"],"_links":{"self":[{"href":"https:\/\/www.caririemacao.com\/1\/wp-json\/wp\/v2\/posts\/144395","targetHints":{"allow":["GET"]}}],"collection":[{"href":"https:\/\/www.caririemacao.com\/1\/wp-json\/wp\/v2\/posts"}],"about":[{"href":"https:\/\/www.caririemacao.com\/1\/wp-json\/wp\/v2\/types\/post"}],"author":[{"embeddable":true,"href":"https:\/\/www.caririemacao.com\/1\/wp-json\/wp\/v2\/users\/1"}],"replies":[{"embeddable":true,"href":"https:\/\/www.caririemacao.com\/1\/wp-json\/wp\/v2\/comments?post=144395"}],"version-history":[{"count":1,"href":"https:\/\/www.caririemacao.com\/1\/wp-json\/wp\/v2\/posts\/144395\/revisions"}],"predecessor-version":[{"id":144397,"href":"https:\/\/www.caririemacao.com\/1\/wp-json\/wp\/v2\/posts\/144395\/revisions\/144397"}],"wp:featuredmedia":[{"embeddable":true,"href":"https:\/\/www.caririemacao.com\/1\/wp-json\/wp\/v2\/media\/144396"}],"wp:attachment":[{"href":"https:\/\/www.caririemacao.com\/1\/wp-json\/wp\/v2\/media?parent=144395"}],"wp:term":[{"taxonomy":"category","embeddable":true,"href":"https:\/\/www.caririemacao.com\/1\/wp-json\/wp\/v2\/categories?post=144395"},{"taxonomy":"post_tag","embeddable":true,"href":"https:\/\/www.caririemacao.com\/1\/wp-json\/wp\/v2\/tags?post=144395"}],"curies":[{"name":"wp","href":"https:\/\/api.w.org\/{rel}","templated":true}]}}