{"id":144399,"date":"2020-01-03T15:17:24","date_gmt":"2020-01-03T18:17:24","guid":{"rendered":"http:\/\/www.caririemacao.com\/1\/?p=144399"},"modified":"2020-01-03T15:17:24","modified_gmt":"2020-01-03T18:17:24","slug":"veiculo-e-furtado-durante-festa-na-cidade-de-gurjao","status":"publish","type":"post","link":"https:\/\/www.caririemacao.com\/1\/2020\/01\/03\/veiculo-e-furtado-durante-festa-na-cidade-de-gurjao\/","title":{"rendered":"Ve\u00edculo \u00e9 furtado durante festa na cidade de Gurj\u00e3o"},"content":{"rendered":"\n<p>Um ve\u00edculo foi furtado na noite desta quinta-feira (02), durante a festa de emancipa\u00e7\u00e3o pol\u00edtica na cidade de Gurj\u00e3o na regi\u00e3o do Cariri.<br><\/p>\n\n\n\n<p>De acordo com informa\u00e7\u00f5es apuradas pelo portal\u00a0<strong>HORA1PB<\/strong>, o propriet\u00e1rio estacionou o carro em uma rua pr\u00f3ximo ao evento, na volta percebeu que j\u00e1 n\u00e3o estava mais no local.<br><\/p>\n\n\n\n<p>Ve\u00edculo modelo GOL ano 1996, de cor verde com placa CCY-1344 Serra Branca\/PB.<\/p>\n","protected":false},"excerpt":{"rendered":"<p>Um ve\u00edculo foi furtado na noite desta quinta-feira (02), durante a festa de emancipa\u00e7\u00e3o pol\u00edtica na cidade de Gurj\u00e3o na regi\u00e3o do Cariri. De acordo&hellip; <\/p>\n","protected":false},"author":1,"featured_media":144401,"comment_status":"closed","ping_status":"closed","sticky":false,"template":"","format":"standard","meta":{"sfsi_plus_gutenberg_text_before_share":"","sfsi_plus_gutenberg_show_text_before_share":"","sfsi_plus_gutenberg_icon_type":"","sfsi_plus_gutenberg_icon_alignemt":"","sfsi_plus_gutenburg_max_per_row":"","footnotes":""},"categories":[12],"tags":[],"class_list":["post-144399","post","type-post","status-publish","format-standard","has-post-thumbnail","hentry","category-policia"],"_links":{"self":[{"href":"https:\/\/www.caririemacao.com\/1\/wp-json\/wp\/v2\/posts\/144399","targetHints":{"allow":["GET"]}}],"collection":[{"href":"https:\/\/www.caririemacao.com\/1\/wp-json\/wp\/v2\/posts"}],"about":[{"href":"https:\/\/www.caririemacao.com\/1\/wp-json\/wp\/v2\/types\/post"}],"author":[{"embeddable":true,"href":"https:\/\/www.caririemacao.com\/1\/wp-json\/wp\/v2\/users\/1"}],"replies":[{"embeddable":true,"href":"https:\/\/www.caririemacao.com\/1\/wp-json\/wp\/v2\/comments?post=144399"}],"version-history":[{"count":1,"href":"https:\/\/www.caririemacao.com\/1\/wp-json\/wp\/v2\/posts\/144399\/revisions"}],"predecessor-version":[{"id":144402,"href":"https:\/\/www.caririemacao.com\/1\/wp-json\/wp\/v2\/posts\/144399\/revisions\/144402"}],"wp:featuredmedia":[{"embeddable":true,"href":"https:\/\/www.caririemacao.com\/1\/wp-json\/wp\/v2\/media\/144401"}],"wp:attachment":[{"href":"https:\/\/www.caririemacao.com\/1\/wp-json\/wp\/v2\/media?parent=144399"}],"wp:term":[{"taxonomy":"category","embeddable":true,"href":"https:\/\/www.caririemacao.com\/1\/wp-json\/wp\/v2\/categories?post=144399"},{"taxonomy":"post_tag","embeddable":true,"href":"https:\/\/www.caririemacao.com\/1\/wp-json\/wp\/v2\/tags?post=144399"}],"curies":[{"name":"wp","href":"https:\/\/api.w.org\/{rel}","templated":true}]}}