{"id":144404,"date":"2020-01-03T15:18:44","date_gmt":"2020-01-03T18:18:44","guid":{"rendered":"http:\/\/www.caririemacao.com\/1\/?p=144404"},"modified":"2020-01-03T15:18:44","modified_gmt":"2020-01-03T18:18:44","slug":"equipe-do-sao-paulo-de-sao-joao-do-cariri-fara-jogo-treino-com-o-treze-f-c-neste-domingo","status":"publish","type":"post","link":"https:\/\/www.caririemacao.com\/1\/2020\/01\/03\/equipe-do-sao-paulo-de-sao-joao-do-cariri-fara-jogo-treino-com-o-treze-f-c-neste-domingo\/","title":{"rendered":"Equipe do S\u00e3o Paulo de S\u00e3o Jo\u00e3o do Cariri far\u00e1 jogo treino com o Treze F.C neste domingo"},"content":{"rendered":"\n<p>Visando a prepara\u00e7\u00e3o para o Campeonato Paraibano de Futebol 2020, a equipe profissional do Treze F.C estar\u00e1 retornado as atividades ap\u00f3s as folgas de fim de ano.<\/p>\n\n\n\n<div class=\"wp-block-image\"><figure class=\"aligncenter\"><img decoding=\"async\" data-src=\"https:\/\/caririesporte.com.br\/wp-content\/uploads\/2020\/01\/ENTK_bvX0AEl2iX-1024x576.jpeg\" alt=\"\" class=\"wp-image-2155 lazyload\" src=\"data:image\/svg+xml;base64,PHN2ZyB3aWR0aD0iMSIgaGVpZ2h0PSIxIiB4bWxucz0iaHR0cDovL3d3dy53My5vcmcvMjAwMC9zdmciPjwvc3ZnPg==\" style=\"--smush-placeholder-width: 1024px; --smush-placeholder-aspect-ratio: 1024\/576;\" \/><\/figure><\/div>\n\n\n\n<p>O elenco do Treze retornou aos treinamentos na tarde desta \u00faltima quinta-feira (2), no Est\u00e1dio Presidente Vargas, depois do pequeno recesso para as festividades do R\u00e9veillon, e logo deu prosseguimento aos preparativos para o amistoso contra o N\u00e1utico\/PE. O desafio est\u00e1 marcado para a pr\u00f3xima quarta-feira (8),no Amig\u00e3o.<\/p>\n\n\n\n<p>Antecedendo o amistoso, a equipe do Galo da Borborema estar\u00e1 realizando neste domingo, dia 05 de janeiro, um Match Training (Jogo Treino) o segundo da sua pr\u00e9-temporada.<\/p>\n\n\n\n<p>A equipe do Treze F.C estar\u00e1 recebendo a partir d\u00e1s 09hrs da manh\u00e3 em seu est\u00e1dio de futebol, o \u2018Presidente Vargas\u2019, a equipe de futebol amador do S\u00e3o Paulo F.C da cidade de S\u00e3o Jo\u00e3o do Cariri \u2013 PB. A agremia\u00e7\u00e3o caririzeira \u00e9 Tri-Campe\u00e3 da Copa Cariri Integra\u00e7\u00e3o de Futebol, principal competi\u00e7\u00e3o de futebol amador da regi\u00e3o do Cariri e Serid\u00f3 paraibano.<\/p>\n\n\n\n<p>Para o Match Training, a equipe de S\u00e3o Jo\u00e3o do Cariri vai com atual elenco campe\u00e3o e a base que participar\u00e1 da edi\u00e7\u00e3o 2020 da Copa Integra\u00e7\u00e3o.<\/p>\n\n\n\n<p>Em contato com o Site Cariri Esporte, o Diretor do S\u00e3o Paulo, T\u00e9rcio Ramom, falou que \u00e9 um prazer enorme e satisfa\u00e7\u00e3o de uma equipe de futebol do Cariri est\u00e1 enfrentando uma equipe profissional e de renome, que \u00e9 o Treze F.C<\/p>\n\n\n\n<p>O Treze estreia no Campeonato Paraibano no dia 20 de janeiro, contra o CSP, \u00e1s 20h15, no PV.<\/p>\n\n\n\n<p><strong>Cariri Esporte<\/strong><br><\/p>\n","protected":false},"excerpt":{"rendered":"<p>Visando a prepara\u00e7\u00e3o para o Campeonato Paraibano de Futebol 2020, a equipe profissional do Treze F.C estar\u00e1 retornado as atividades ap\u00f3s as folgas de fim&hellip; <\/p>\n","protected":false},"author":1,"featured_media":144405,"comment_status":"closed","ping_status":"closed","sticky":false,"template":"","format":"standard","meta":{"sfsi_plus_gutenberg_text_before_share":"","sfsi_plus_gutenberg_show_text_before_share":"","sfsi_plus_gutenberg_icon_type":"","sfsi_plus_gutenberg_icon_alignemt":"","sfsi_plus_gutenburg_max_per_row":"","footnotes":""},"categories":[13],"tags":[],"class_list":["post-144404","post","type-post","status-publish","format-standard","has-post-thumbnail","hentry","category-esportes"],"_links":{"self":[{"href":"https:\/\/www.caririemacao.com\/1\/wp-json\/wp\/v2\/posts\/144404","targetHints":{"allow":["GET"]}}],"collection":[{"href":"https:\/\/www.caririemacao.com\/1\/wp-json\/wp\/v2\/posts"}],"about":[{"href":"https:\/\/www.caririemacao.com\/1\/wp-json\/wp\/v2\/types\/post"}],"author":[{"embeddable":true,"href":"https:\/\/www.caririemacao.com\/1\/wp-json\/wp\/v2\/users\/1"}],"replies":[{"embeddable":true,"href":"https:\/\/www.caririemacao.com\/1\/wp-json\/wp\/v2\/comments?post=144404"}],"version-history":[{"count":1,"href":"https:\/\/www.caririemacao.com\/1\/wp-json\/wp\/v2\/posts\/144404\/revisions"}],"predecessor-version":[{"id":144406,"href":"https:\/\/www.caririemacao.com\/1\/wp-json\/wp\/v2\/posts\/144404\/revisions\/144406"}],"wp:featuredmedia":[{"embeddable":true,"href":"https:\/\/www.caririemacao.com\/1\/wp-json\/wp\/v2\/media\/144405"}],"wp:attachment":[{"href":"https:\/\/www.caririemacao.com\/1\/wp-json\/wp\/v2\/media?parent=144404"}],"wp:term":[{"taxonomy":"category","embeddable":true,"href":"https:\/\/www.caririemacao.com\/1\/wp-json\/wp\/v2\/categories?post=144404"},{"taxonomy":"post_tag","embeddable":true,"href":"https:\/\/www.caririemacao.com\/1\/wp-json\/wp\/v2\/tags?post=144404"}],"curies":[{"name":"wp","href":"https:\/\/api.w.org\/{rel}","templated":true}]}}