{"id":144409,"date":"2020-01-03T15:20:59","date_gmt":"2020-01-03T18:20:59","guid":{"rendered":"http:\/\/www.caririemacao.com\/1\/?p=144409"},"modified":"2020-01-03T15:20:59","modified_gmt":"2020-01-03T18:20:59","slug":"prefeitura-de-amparo-divulgou-as-atracoes-da-festa-do-padroeiro-sao-sebastiao-2020","status":"publish","type":"post","link":"https:\/\/www.caririemacao.com\/1\/2020\/01\/03\/prefeitura-de-amparo-divulgou-as-atracoes-da-festa-do-padroeiro-sao-sebastiao-2020\/","title":{"rendered":"Prefeitura de Amparo divulgou as atra\u00e7\u00f5es da Festa do Padroeiro S\u00e3o Sebasti\u00e3o 2020"},"content":{"rendered":"\n<p>Aproveitando o embalo das festividades do final de ano, o Prefeito In\u00e1cio divulgou nessa sexta-feira (03) as atra\u00e7\u00f5es art\u00edsticas da Festa do Padroeiro S\u00e3o Sebasti\u00e3o em 2020, a tradicional Festa de Janeiro como \u00e9 conhecida popularmente.<br>A divulga\u00e7\u00e3o foi realizada durante o programa de R\u00e1dio semanal da Prefeitura.<br><strong>Confira a programa\u00e7\u00e3o:<\/strong><strong>Quinta-feira (16):<\/strong><br>Nascimento Filho<br>Rog\u00e9rio Lima<\/p>\n\n\n\n<p><strong>Sexta-feira (17):<\/strong>Anderson Rocha e Forr\u00f3 do Tch\u00ea<br>Gil Mendes<\/p>\n\n\n\n<p><strong>S\u00e1bado (18):<\/strong>JM Puxado<br>Conde do Forr\u00f3<br>Pedrinho Pega\u00e7\u00e3o<\/p>\n\n\n\n<p>Exclusivo: Amparo Ligado<\/p>\n","protected":false},"excerpt":{"rendered":"<p>Aproveitando o embalo das festividades do final de ano, o Prefeito In\u00e1cio divulgou nessa sexta-feira (03) as atra\u00e7\u00f5es art\u00edsticas da Festa do Padroeiro S\u00e3o Sebasti\u00e3o&hellip; <\/p>\n","protected":false},"author":1,"featured_media":144410,"comment_status":"closed","ping_status":"closed","sticky":false,"template":"","format":"standard","meta":{"sfsi_plus_gutenberg_text_before_share":"","sfsi_plus_gutenberg_show_text_before_share":"","sfsi_plus_gutenberg_icon_type":"","sfsi_plus_gutenberg_icon_alignemt":"","sfsi_plus_gutenburg_max_per_row":"","footnotes":""},"categories":[6],"tags":[],"class_list":["post-144409","post","type-post","status-publish","format-standard","has-post-thumbnail","hentry","category-cidades"],"_links":{"self":[{"href":"https:\/\/www.caririemacao.com\/1\/wp-json\/wp\/v2\/posts\/144409","targetHints":{"allow":["GET"]}}],"collection":[{"href":"https:\/\/www.caririemacao.com\/1\/wp-json\/wp\/v2\/posts"}],"about":[{"href":"https:\/\/www.caririemacao.com\/1\/wp-json\/wp\/v2\/types\/post"}],"author":[{"embeddable":true,"href":"https:\/\/www.caririemacao.com\/1\/wp-json\/wp\/v2\/users\/1"}],"replies":[{"embeddable":true,"href":"https:\/\/www.caririemacao.com\/1\/wp-json\/wp\/v2\/comments?post=144409"}],"version-history":[{"count":1,"href":"https:\/\/www.caririemacao.com\/1\/wp-json\/wp\/v2\/posts\/144409\/revisions"}],"predecessor-version":[{"id":144411,"href":"https:\/\/www.caririemacao.com\/1\/wp-json\/wp\/v2\/posts\/144409\/revisions\/144411"}],"wp:featuredmedia":[{"embeddable":true,"href":"https:\/\/www.caririemacao.com\/1\/wp-json\/wp\/v2\/media\/144410"}],"wp:attachment":[{"href":"https:\/\/www.caririemacao.com\/1\/wp-json\/wp\/v2\/media?parent=144409"}],"wp:term":[{"taxonomy":"category","embeddable":true,"href":"https:\/\/www.caririemacao.com\/1\/wp-json\/wp\/v2\/categories?post=144409"},{"taxonomy":"post_tag","embeddable":true,"href":"https:\/\/www.caririemacao.com\/1\/wp-json\/wp\/v2\/tags?post=144409"}],"curies":[{"name":"wp","href":"https:\/\/api.w.org\/{rel}","templated":true}]}}