{"id":144417,"date":"2020-01-04T07:15:47","date_gmt":"2020-01-04T10:15:47","guid":{"rendered":"http:\/\/www.caririemacao.com\/1\/?p=144417"},"modified":"2020-01-04T07:15:47","modified_gmt":"2020-01-04T10:15:47","slug":"bolsonaro-diz-ser-favoravel-a-qualquer-medida-de-combate-ao-terrorismo","status":"publish","type":"post","link":"https:\/\/www.caririemacao.com\/1\/2020\/01\/04\/bolsonaro-diz-ser-favoravel-a-qualquer-medida-de-combate-ao-terrorismo\/","title":{"rendered":"Bolsonaro diz ser favor\u00e1vel a qualquer medida de combate ao terrorismo"},"content":{"rendered":"\n<p>&nbsp;O presidente Jair Bolsonaro disse nesta sexta-feira (3), em entrevista ao programa Brasil Urgente, na Band, que \u00e9 favor\u00e1vel a qualquer medida de combate ao terrorismo.&nbsp;<\/p>\n\n\n\n<p>&#8220;A posi\u00e7\u00e3o do Brasil \u00e9 a de se aliar a qualquer pa\u00eds no mundo no combate ao terrorismo&#8221;, afirmou o presidente sobre o ataque dos Estados Unidos realizado na madrugada desta sexta-feira, no Iraque, que matou o general iraniano Qassim Suleimani.&nbsp;<\/p>\n\n\n\n<p>&#8220;Segundo informa\u00e7\u00f5es que tivemos, essa autoridade [o general Qassim Suleimani] esteve envolvida em atividades de terrorismo em sua vida pregressa&#8221;, afirmou Bolsonaro. &#8220;Faremos tudo que pudermos para combater o terrorismo.&#8221;<\/p>\n\n\n\n<p>&#8220;Tenho que tomar cuidado com as palavras. Eu, como chefe de estado, o que porventura falar para voc\u00ea, Datena, pode at\u00e9 ser manchete no dia seguinte. N\u00f3s queremos paz, mas uma velha m\u00e1xima no meio militar diz que quem quer paz tem que se preparar para a guerra&#8221;, comentou.<br><\/p>\n\n\n\n<p>Mesmo com a posi\u00e7\u00e3o do Ir\u00e3 de parceiro comercial do Brasil, o presidente disse que n\u00e3o concorda &#8220;em certa medida&#8221; com o que acontece no pa\u00eds do Oriente M\u00e9dio.<\/p>\n\n\n\n<p>&#8220;Espero que o Ir\u00e3 modifique sua maneira de fazer pol\u00edtica, como muitos pa\u00edses est\u00e3o fazendo.&#8221;<\/p>\n\n\n\n<p>Sobre os desdobramentos do ataque, Bolsonaro disse que as possibilidades do Brasil s\u00e3o limitadas devido ao poder b\u00e9lico que tem, inferior ao de pa\u00edses como Estados Unidos e R\u00fassia. &#8220;O Brasil n\u00e3o tem uma participa\u00e7\u00e3o ativa no combate ao terrorismo. N\u00f3s optamos por vias pac\u00edficas, temos que medir bastante as nossas palavras&#8221;, afirmou.&nbsp;<\/p>\n\n\n\n<p>Para Bolsonaro, por\u00e9m, o ataque n\u00e3o se trata de uma estrat\u00e9gia do presidente norte-americano Donald Trump para a reelei\u00e7\u00e3o (as elei\u00e7\u00f5es presidenciais nos EUA acontecem em novembro de 2020).&nbsp;<\/p>\n\n\n\n<p>De acordo com Bolsonaro, as posi\u00e7\u00f5es dos l\u00edderes de pot\u00eancias como China e R\u00fassia s\u00e3o definidas em momentos assim com enfoque mais sobre a economia do que sobre a guerra.<\/p>\n\n\n\n<p>Uma das preocupa\u00e7\u00f5es na crise internacional aberta com o ataque \u00e9 o impacto sobre o pre\u00e7o do petr\u00f3leo \u2014 que ao sofrer uma eleva\u00e7\u00e3o, pode agravar ainda mais a alta nos pre\u00e7os dos combust\u00edveis nos postos brasileiros.&nbsp;<\/p>\n\n\n\n<p>De acordo com Bolsonaro, est\u00e1 marcada uma reuni\u00e3o na segunda-feira (6) com autoridades do setor para definir a estrat\u00e9gia para uma poss\u00edvel eleva\u00e7\u00e3o no pre\u00e7o do petr\u00f3leo.&nbsp;<\/p>\n\n\n\n<p>&#8220;O que podemos fazer agora \u00e9 esperar que tudo d\u00ea certo e que n\u00e3o tenhamos reflexos no aumento dos combust\u00edveis no Brasil&#8221;, concluiu.<\/p>\n","protected":false},"excerpt":{"rendered":"<p>&nbsp;O presidente Jair Bolsonaro disse nesta sexta-feira (3), em entrevista ao programa Brasil Urgente, na Band, que \u00e9 favor\u00e1vel a qualquer medida de combate ao&hellip; <\/p>\n","protected":false},"author":1,"featured_media":142027,"comment_status":"closed","ping_status":"closed","sticky":false,"template":"","format":"standard","meta":{"sfsi_plus_gutenberg_text_before_share":"","sfsi_plus_gutenberg_show_text_before_share":"","sfsi_plus_gutenberg_icon_type":"","sfsi_plus_gutenberg_icon_alignemt":"","sfsi_plus_gutenburg_max_per_row":"","footnotes":""},"categories":[11],"tags":[],"class_list":["post-144417","post","type-post","status-publish","format-standard","has-post-thumbnail","hentry","category-politica"],"_links":{"self":[{"href":"https:\/\/www.caririemacao.com\/1\/wp-json\/wp\/v2\/posts\/144417","targetHints":{"allow":["GET"]}}],"collection":[{"href":"https:\/\/www.caririemacao.com\/1\/wp-json\/wp\/v2\/posts"}],"about":[{"href":"https:\/\/www.caririemacao.com\/1\/wp-json\/wp\/v2\/types\/post"}],"author":[{"embeddable":true,"href":"https:\/\/www.caririemacao.com\/1\/wp-json\/wp\/v2\/users\/1"}],"replies":[{"embeddable":true,"href":"https:\/\/www.caririemacao.com\/1\/wp-json\/wp\/v2\/comments?post=144417"}],"version-history":[{"count":1,"href":"https:\/\/www.caririemacao.com\/1\/wp-json\/wp\/v2\/posts\/144417\/revisions"}],"predecessor-version":[{"id":144419,"href":"https:\/\/www.caririemacao.com\/1\/wp-json\/wp\/v2\/posts\/144417\/revisions\/144419"}],"wp:featuredmedia":[{"embeddable":true,"href":"https:\/\/www.caririemacao.com\/1\/wp-json\/wp\/v2\/media\/142027"}],"wp:attachment":[{"href":"https:\/\/www.caririemacao.com\/1\/wp-json\/wp\/v2\/media?parent=144417"}],"wp:term":[{"taxonomy":"category","embeddable":true,"href":"https:\/\/www.caririemacao.com\/1\/wp-json\/wp\/v2\/categories?post=144417"},{"taxonomy":"post_tag","embeddable":true,"href":"https:\/\/www.caririemacao.com\/1\/wp-json\/wp\/v2\/tags?post=144417"}],"curies":[{"name":"wp","href":"https:\/\/api.w.org\/{rel}","templated":true}]}}