{"id":144421,"date":"2020-01-04T07:17:57","date_gmt":"2020-01-04T10:17:57","guid":{"rendered":"http:\/\/www.caririemacao.com\/1\/?p=144421"},"modified":"2020-01-04T07:17:57","modified_gmt":"2020-01-04T10:17:57","slug":"bolsonaro-critica-livros-didaticos-muita-coisa-escrita","status":"publish","type":"post","link":"https:\/\/www.caririemacao.com\/1\/2020\/01\/04\/bolsonaro-critica-livros-didaticos-muita-coisa-escrita\/","title":{"rendered":"Bolsonaro critica livros did\u00e1ticos: \u2018Muita coisa escrita\u2019"},"content":{"rendered":"\n<p>O presidente Jair Bolsonaro defendeu, nesta sexta-feira, 3, mudan\u00e7as em livros did\u00e1ticos distribu\u00eddos nas escolas p\u00fablicas. Diante de apoiadores na sa\u00edda do Pal\u00e1cio da Alvorada, ele afirmou que o material entregue a partir de 2021 ser\u00e1 feito integralmente por seu governo. O presidente tamb\u00e9m disse que os materiais t\u00eam \u201cmuita coisa escrita\u201d.<\/p>\n\n\n\n<p>\u201cTem livros que vamos ser obrigados a distribuir esse ano ainda levando-se em conta a sua feitura em anos anteriores. Tem que seguir a lei. Em 2021, todos os livros ser\u00e3o nossos. Feitos por n\u00f3s. Os pais v\u00e3o vibrar. Vai estar l\u00e1 a bandeira do Brasil na capa, vai ter l\u00e1 o hino nacional. Os livros hoje em dia, como regra, \u00e9 um amontoado. Muita coisa escrita, tem que suavizar aquilo\u201d, disse o presidente, em entrevista concedida na sa\u00edda do Pal\u00e1cio da Alvorada.<\/p>\n\n\n\n<p>Bolsonaro tamb\u00e9m voltou a criticar o educador Paulo Freire, dizendo que o baixo resultado do Brasil no Programa Internacional de Avalia\u00e7\u00e3o de Estudantes (Pisa) tem rela\u00e7\u00e3o com as ideias do intelectual. \u201cFalando em suavizar, estou vendo um cabe\u00e7a branca ali, estudei na cartilha Caminho Suave. Voc\u00ea n\u00e3o esquece. N\u00e3o esse lixo que, como regra, est\u00e1 a\u00ed. Essa ideologia de Paulo Freire. O cara ficou 10 anos e a garotada de 15 anos foi fazer a prova do Pisa e mais da metade n\u00e3o sabe fazer uma regra de tr\u00eas simples. N\u00e3o deu certo\u201d, disse.<\/p>\n\n\n\n<p>Para o presidente da Rep\u00fablica, os governos de esquerda \u201cplantaram militantes\u201d. \u201cO que a esquerda plantou na educa\u00e7\u00e3o? Plantou milit\u00e2ncia. Tanto \u00e9 que o pessoal vota no PT e no PSOL. A molecada [vota no] PT e PSOL. Chegou ao c\u00famulo de acabar com uma escola como o Col\u00e9gio Dom Pedro II, no Rio de Janeiro. Acabaram com o Pedro II. Menino de saia, MST l\u00e1 dentro. E outras coisas mais que n\u00e3o quero falar aqui\u201d, afirmou.<\/p>\n\n\n\n<p>Bolsonaro se referia \u00e0 decis\u00e3o do col\u00e9gio, de 2016, que autorizou os alunos a usarem saia ou bermuda, independente do g\u00eanero, seguindo uma resolu\u00e7\u00e3o do pr\u00f3prio Minist\u00e9rio da Educa\u00e7\u00e3o.<\/p>\n","protected":false},"excerpt":{"rendered":"<p>O presidente Jair Bolsonaro defendeu, nesta sexta-feira, 3, mudan\u00e7as em livros did\u00e1ticos distribu\u00eddos nas escolas p\u00fablicas. Diante de apoiadores na sa\u00edda do Pal\u00e1cio da Alvorada,&hellip; <\/p>\n","protected":false},"author":1,"featured_media":144423,"comment_status":"closed","ping_status":"closed","sticky":false,"template":"","format":"standard","meta":{"sfsi_plus_gutenberg_text_before_share":"","sfsi_plus_gutenberg_show_text_before_share":"","sfsi_plus_gutenberg_icon_type":"","sfsi_plus_gutenberg_icon_alignemt":"","sfsi_plus_gutenburg_max_per_row":"","footnotes":""},"categories":[11],"tags":[],"class_list":["post-144421","post","type-post","status-publish","format-standard","has-post-thumbnail","hentry","category-politica"],"_links":{"self":[{"href":"https:\/\/www.caririemacao.com\/1\/wp-json\/wp\/v2\/posts\/144421","targetHints":{"allow":["GET"]}}],"collection":[{"href":"https:\/\/www.caririemacao.com\/1\/wp-json\/wp\/v2\/posts"}],"about":[{"href":"https:\/\/www.caririemacao.com\/1\/wp-json\/wp\/v2\/types\/post"}],"author":[{"embeddable":true,"href":"https:\/\/www.caririemacao.com\/1\/wp-json\/wp\/v2\/users\/1"}],"replies":[{"embeddable":true,"href":"https:\/\/www.caririemacao.com\/1\/wp-json\/wp\/v2\/comments?post=144421"}],"version-history":[{"count":1,"href":"https:\/\/www.caririemacao.com\/1\/wp-json\/wp\/v2\/posts\/144421\/revisions"}],"predecessor-version":[{"id":144424,"href":"https:\/\/www.caririemacao.com\/1\/wp-json\/wp\/v2\/posts\/144421\/revisions\/144424"}],"wp:featuredmedia":[{"embeddable":true,"href":"https:\/\/www.caririemacao.com\/1\/wp-json\/wp\/v2\/media\/144423"}],"wp:attachment":[{"href":"https:\/\/www.caririemacao.com\/1\/wp-json\/wp\/v2\/media?parent=144421"}],"wp:term":[{"taxonomy":"category","embeddable":true,"href":"https:\/\/www.caririemacao.com\/1\/wp-json\/wp\/v2\/categories?post=144421"},{"taxonomy":"post_tag","embeddable":true,"href":"https:\/\/www.caririemacao.com\/1\/wp-json\/wp\/v2\/tags?post=144421"}],"curies":[{"name":"wp","href":"https:\/\/api.w.org\/{rel}","templated":true}]}}