{"id":144427,"date":"2020-01-04T07:20:26","date_gmt":"2020-01-04T10:20:26","guid":{"rendered":"http:\/\/www.caririemacao.com\/1\/?p=144427"},"modified":"2020-01-04T07:20:26","modified_gmt":"2020-01-04T10:20:26","slug":"trump-diz-que-morte-de-general-foi-para-parar-uma-guerra-nao-comecar","status":"publish","type":"post","link":"https:\/\/www.caririemacao.com\/1\/2020\/01\/04\/trump-diz-que-morte-de-general-foi-para-parar-uma-guerra-nao-comecar\/","title":{"rendered":"Trump diz que morte de general foi para parar uma guerra, n\u00e3o come\u00e7ar"},"content":{"rendered":"\n<p> O presidente Donald Trump fez um pronunciamento na noite de hoje (3) em que disse que o ataque dos Estados Unidos que resultou na morte, no Iraque, do general Qassem Soleimani, um militar de alta patente do Ir\u00e3, foi uma a\u00e7\u00e3o para parar e n\u00e3o para come\u00e7ar uma guerra. A morte de Soleimani causou\u00a0<a rel=\"noreferrer noopener\" href=\"http:\/\/agenciabrasil.ebc.com.br\/internacional\/noticia\/2020-01\/ataque-dos-eua-ao-ira-gera-tensao-entre-lideres-mundiais\" target=\"_blank\">tens\u00e3o nesta sexta-feira<\/a>\u00a0entre l\u00edderes mundiais devido ao risco da escalada do conflito entre Estados Unidos e Ir\u00e3. \u00a0<\/p>\n\n\n\n<p>Durante o pronunciamento, Trump classificou Soleimani como \u201co terrorista n\u00famero 1 do mundo\u201d e disse que o iraniano estava planejando ataques terroristas contra diplomatas e militares norte-americanos. \u201cSobre nossa pol\u00edtica contra terrorista que amea\u00e7am ou pretendem amea\u00e7ar qualquer americano, n\u00f3s vamos encontr\u00e1-lo e elimin\u00e1-lo\u201d, disse o presidente.<\/p>\n\n\n\n<p>Trump responsabilizou Soleimani pelos ataques a alvos dos EUA no Iraque, incluindo ataques a m\u00edsseis e o ataque \u00e0 embaixada em Bagd\u00e1. \u201cSoleimani perpetuou atos de terrorismo para desestabilizar o Oriente M\u00e9dio pelos \u00faltimos 20 anos\u201d.<\/p>\n\n\n\n<p>O presidente disse que o ataque que resultou na morte de Soleimani deveria ter sido feito h\u00e1 muito tempo. \u201cMuitas vidas teriam sido salvas. Recentemente Soleimani liderou a repress\u00e3o brutal contra protestos no Ir\u00e3 em que mais de mil civis inocentes foram torturados e mortos pelo governo errado.\u201d<\/p>\n\n\n\n<p>Trump disse ter um profundo respeito pelo povo iraniano e que n\u00e3o procura uma mudan\u00e7a de regime. \u201cEntretanto o uso do regime iraniano de a\u00e7\u00f5es para desestabilizar seus vizinhos deve acabar e deve acabar agora. O futuro pertence ao povo do Ir\u00e3, \u00e0queles que procuram coexist\u00eancia pac\u00edfica e coopera\u00e7\u00e3o, n\u00e3o os terroristas lordes da guerra\u201d.<\/p>\n","protected":false},"excerpt":{"rendered":"<p>O presidente Donald Trump fez um pronunciamento na noite de hoje (3) em que disse que o ataque dos Estados Unidos que resultou na morte,&hellip; <\/p>\n","protected":false},"author":1,"featured_media":110547,"comment_status":"closed","ping_status":"closed","sticky":false,"template":"","format":"standard","meta":{"sfsi_plus_gutenberg_text_before_share":"","sfsi_plus_gutenberg_show_text_before_share":"","sfsi_plus_gutenberg_icon_type":"","sfsi_plus_gutenberg_icon_alignemt":"","sfsi_plus_gutenburg_max_per_row":"","footnotes":""},"categories":[11],"tags":[],"class_list":["post-144427","post","type-post","status-publish","format-standard","has-post-thumbnail","hentry","category-politica"],"_links":{"self":[{"href":"https:\/\/www.caririemacao.com\/1\/wp-json\/wp\/v2\/posts\/144427","targetHints":{"allow":["GET"]}}],"collection":[{"href":"https:\/\/www.caririemacao.com\/1\/wp-json\/wp\/v2\/posts"}],"about":[{"href":"https:\/\/www.caririemacao.com\/1\/wp-json\/wp\/v2\/types\/post"}],"author":[{"embeddable":true,"href":"https:\/\/www.caririemacao.com\/1\/wp-json\/wp\/v2\/users\/1"}],"replies":[{"embeddable":true,"href":"https:\/\/www.caririemacao.com\/1\/wp-json\/wp\/v2\/comments?post=144427"}],"version-history":[{"count":1,"href":"https:\/\/www.caririemacao.com\/1\/wp-json\/wp\/v2\/posts\/144427\/revisions"}],"predecessor-version":[{"id":144428,"href":"https:\/\/www.caririemacao.com\/1\/wp-json\/wp\/v2\/posts\/144427\/revisions\/144428"}],"wp:featuredmedia":[{"embeddable":true,"href":"https:\/\/www.caririemacao.com\/1\/wp-json\/wp\/v2\/media\/110547"}],"wp:attachment":[{"href":"https:\/\/www.caririemacao.com\/1\/wp-json\/wp\/v2\/media?parent=144427"}],"wp:term":[{"taxonomy":"category","embeddable":true,"href":"https:\/\/www.caririemacao.com\/1\/wp-json\/wp\/v2\/categories?post=144427"},{"taxonomy":"post_tag","embeddable":true,"href":"https:\/\/www.caririemacao.com\/1\/wp-json\/wp\/v2\/tags?post=144427"}],"curies":[{"name":"wp","href":"https:\/\/api.w.org\/{rel}","templated":true}]}}