{"id":144447,"date":"2020-01-04T07:31:42","date_gmt":"2020-01-04T10:31:42","guid":{"rendered":"http:\/\/www.caririemacao.com\/1\/?p=144447"},"modified":"2020-01-04T07:31:42","modified_gmt":"2020-01-04T10:31:42","slug":"adolescente-tenta-suicidio-no-desemboque-da-agua-da-transposicao-em-monteiro","status":"publish","type":"post","link":"https:\/\/www.caririemacao.com\/1\/2020\/01\/04\/adolescente-tenta-suicidio-no-desemboque-da-agua-da-transposicao-em-monteiro\/","title":{"rendered":"Adolescente tenta suic\u00eddio no desemboque da \u00e1gua da transposi\u00e7\u00e3o em Monteiro"},"content":{"rendered":"\n<p> Uma adolescente tentou suic\u00eddio no desemboque das \u00e1guas do rio S\u00e3o Francisco, na noite desta sexta-feira (03), em Monteiro no Cariri.<br>Segundo informa\u00e7\u00f5es a jovem estava pronta para pular, quando uma mulher que estava ali pr\u00f3ximo na hora escutou ela chorando e correu puxou ela pedindo ajuda a um pessoal.<\/p>\n\n\n\n<p>A pol\u00edcia militar e o SAMU foram acionados<\/p>\n\n\n\n<p>At\u00e9 o momento n\u00e3o se sabe o motivo da adolescente tentar tirar sua proppr\u00f3 vida<\/p>\n\n\n\n<p><strong>HORA1PB<\/strong><\/p>\n","protected":false},"excerpt":{"rendered":"<p>Uma adolescente tentou suic\u00eddio no desemboque das \u00e1guas do rio S\u00e3o Francisco, na noite desta sexta-feira (03), em Monteiro no Cariri.Segundo informa\u00e7\u00f5es a jovem estava&hellip; <\/p>\n","protected":false},"author":1,"featured_media":144448,"comment_status":"closed","ping_status":"closed","sticky":false,"template":"","format":"standard","meta":{"sfsi_plus_gutenberg_text_before_share":"","sfsi_plus_gutenberg_show_text_before_share":"","sfsi_plus_gutenberg_icon_type":"","sfsi_plus_gutenberg_icon_alignemt":"","sfsi_plus_gutenburg_max_per_row":"","footnotes":""},"categories":[12],"tags":[],"class_list":["post-144447","post","type-post","status-publish","format-standard","has-post-thumbnail","hentry","category-policia"],"_links":{"self":[{"href":"https:\/\/www.caririemacao.com\/1\/wp-json\/wp\/v2\/posts\/144447","targetHints":{"allow":["GET"]}}],"collection":[{"href":"https:\/\/www.caririemacao.com\/1\/wp-json\/wp\/v2\/posts"}],"about":[{"href":"https:\/\/www.caririemacao.com\/1\/wp-json\/wp\/v2\/types\/post"}],"author":[{"embeddable":true,"href":"https:\/\/www.caririemacao.com\/1\/wp-json\/wp\/v2\/users\/1"}],"replies":[{"embeddable":true,"href":"https:\/\/www.caririemacao.com\/1\/wp-json\/wp\/v2\/comments?post=144447"}],"version-history":[{"count":1,"href":"https:\/\/www.caririemacao.com\/1\/wp-json\/wp\/v2\/posts\/144447\/revisions"}],"predecessor-version":[{"id":144449,"href":"https:\/\/www.caririemacao.com\/1\/wp-json\/wp\/v2\/posts\/144447\/revisions\/144449"}],"wp:featuredmedia":[{"embeddable":true,"href":"https:\/\/www.caririemacao.com\/1\/wp-json\/wp\/v2\/media\/144448"}],"wp:attachment":[{"href":"https:\/\/www.caririemacao.com\/1\/wp-json\/wp\/v2\/media?parent=144447"}],"wp:term":[{"taxonomy":"category","embeddable":true,"href":"https:\/\/www.caririemacao.com\/1\/wp-json\/wp\/v2\/categories?post=144447"},{"taxonomy":"post_tag","embeddable":true,"href":"https:\/\/www.caririemacao.com\/1\/wp-json\/wp\/v2\/tags?post=144447"}],"curies":[{"name":"wp","href":"https:\/\/api.w.org\/{rel}","templated":true}]}}