{"id":144451,"date":"2020-01-04T08:55:17","date_gmt":"2020-01-04T11:55:17","guid":{"rendered":"http:\/\/www.caririemacao.com\/1\/?p=144451"},"modified":"2020-01-04T08:55:17","modified_gmt":"2020-01-04T11:55:17","slug":"banhistas-devem-evitar-tres-praias-improprias-para-banho-neste-final-de-semana","status":"publish","type":"post","link":"https:\/\/www.caririemacao.com\/1\/2020\/01\/04\/banhistas-devem-evitar-tres-praias-improprias-para-banho-neste-final-de-semana\/","title":{"rendered":"Banhistas devem evitar tr\u00eas praias impr\u00f3prias para banho neste final de semana"},"content":{"rendered":"\n<p>Os banhistas devem ficar atentos as praias que est\u00e3o improprias para banho neste s\u00e1bado e domingo. O Litoral da Para\u00edba tem tr\u00eas praias que devem ser evitadas. O levantamento&nbsp;dos trechos feito pela&nbsp;Superintend\u00eancia de Administra\u00e7\u00e3o do Meio Ambiente (Sudema) alerta para a&nbsp;Praia de Mana\u00edra, em frente a quadra de Mana\u00edra;&nbsp;Praia de Mana\u00edra, em frente ao N\u00b0 315 da Av. Jo\u00e3o Maur\u00edcio;&nbsp;Praia de Cabo Branco, em frente a rotat\u00f3ria do Cabo Branco; Farol de Cabo Branco, em frente a galeria de \u00e1guas pluviais e a&nbsp;Praia do Arraial, em frente \u00e0 desembocadura do Rio Cui\u00e1.<\/p>\n\n\n\n<p>As praias que est\u00e3o pr\u00f3prias para banho s\u00e3o&nbsp;Mataraca, Ba\u00eda da Trai\u00e7\u00e3o, Rio Tinto, Lucena, Cabedelo, Pitimb\u00fa e Conde, tiveram a qualidade das \u00e1guas classificada como pr\u00f3pria.<\/p>\n\n\n\n<p>Ainda segundo o relat\u00f3rio, o mar estar\u00e1 bastante agitado com&nbsp;mar\u00e9 alcan\u00e7ando o ponto mais alto no s\u00e1bado (4), com 1,9m \u00e0s 23h43, 1,8m \u00e0s 11h21 e 1,9m no domingo (5) \u00e0s 12h19. A mar\u00e9 chega a 0,8m \u00e0s 4h56 do s\u00e1bado e \u00e0s 6h56 e 18h32 no domingo. Ainda no s\u00e1bado, a mar\u00e9 atinge 0,9m \u00e0s 17h26.<\/p>\n","protected":false},"excerpt":{"rendered":"<p>Os banhistas devem ficar atentos as praias que est\u00e3o improprias para banho neste s\u00e1bado e domingo. O Litoral da Para\u00edba tem tr\u00eas praias que devem&hellip; <\/p>\n","protected":false},"author":1,"featured_media":95550,"comment_status":"closed","ping_status":"closed","sticky":false,"template":"","format":"standard","meta":{"sfsi_plus_gutenberg_text_before_share":"","sfsi_plus_gutenberg_show_text_before_share":"","sfsi_plus_gutenberg_icon_type":"","sfsi_plus_gutenberg_icon_alignemt":"","sfsi_plus_gutenburg_max_per_row":"","footnotes":""},"categories":[50,2],"tags":[],"class_list":["post-144451","post","type-post","status-publish","format-standard","has-post-thumbnail","hentry","category-destaque","category-geral"],"_links":{"self":[{"href":"https:\/\/www.caririemacao.com\/1\/wp-json\/wp\/v2\/posts\/144451","targetHints":{"allow":["GET"]}}],"collection":[{"href":"https:\/\/www.caririemacao.com\/1\/wp-json\/wp\/v2\/posts"}],"about":[{"href":"https:\/\/www.caririemacao.com\/1\/wp-json\/wp\/v2\/types\/post"}],"author":[{"embeddable":true,"href":"https:\/\/www.caririemacao.com\/1\/wp-json\/wp\/v2\/users\/1"}],"replies":[{"embeddable":true,"href":"https:\/\/www.caririemacao.com\/1\/wp-json\/wp\/v2\/comments?post=144451"}],"version-history":[{"count":1,"href":"https:\/\/www.caririemacao.com\/1\/wp-json\/wp\/v2\/posts\/144451\/revisions"}],"predecessor-version":[{"id":144452,"href":"https:\/\/www.caririemacao.com\/1\/wp-json\/wp\/v2\/posts\/144451\/revisions\/144452"}],"wp:featuredmedia":[{"embeddable":true,"href":"https:\/\/www.caririemacao.com\/1\/wp-json\/wp\/v2\/media\/95550"}],"wp:attachment":[{"href":"https:\/\/www.caririemacao.com\/1\/wp-json\/wp\/v2\/media?parent=144451"}],"wp:term":[{"taxonomy":"category","embeddable":true,"href":"https:\/\/www.caririemacao.com\/1\/wp-json\/wp\/v2\/categories?post=144451"},{"taxonomy":"post_tag","embeddable":true,"href":"https:\/\/www.caririemacao.com\/1\/wp-json\/wp\/v2\/tags?post=144451"}],"curies":[{"name":"wp","href":"https:\/\/api.w.org\/{rel}","templated":true}]}}