{"id":144463,"date":"2020-01-04T09:06:30","date_gmt":"2020-01-04T12:06:30","guid":{"rendered":"http:\/\/www.caririemacao.com\/1\/?p=144463"},"modified":"2020-01-04T09:06:30","modified_gmt":"2020-01-04T12:06:30","slug":"cnm-70-dos-municipios-nao-captam-doacoes-para-fundo-da-crianca","status":"publish","type":"post","link":"https:\/\/www.caririemacao.com\/1\/2020\/01\/04\/cnm-70-dos-municipios-nao-captam-doacoes-para-fundo-da-crianca\/","title":{"rendered":"CNM: 70% dos munic\u00edpios n\u00e3o captam doa\u00e7\u00f5es para Fundo da Crian\u00e7a"},"content":{"rendered":"\n<p>Quase 3,9 mil munic\u00edpios brasileiros ainda n\u00e3o institu\u00edram ou est\u00e3o irregulares com o Fundo dos Direitos da Crian\u00e7a e do Adolescente e, por isso, n\u00e3o puderam captar recursos de doa\u00e7\u00e3o do Imposto de Renda (IR) para essas contas, que podem financiar pol\u00edticas p\u00fablicas para esse segmento.Segundo um levantamento da Confedera\u00e7\u00e3o Nacional dos Munic\u00edpios (CNM), no ano passado houve um crescimento no n\u00famero de fundos aptos a receber as doa\u00e7\u00f5es, que passaram de 1.377 para 1.691, com mais 314 novos fundos, um crescimento de 23% em rela\u00e7\u00e3o \u00e0 2018. Esses fundos receberam mais de R$ 81,8 milh\u00f5es em repasses, 38% a mais que no ano anterior (R$ 59,2 milh\u00f5es).Apesar do avan\u00e7o, o potencial de arrecada\u00e7\u00e3o para essas contas, caso todos os munic\u00edpios e governos estaduais estivessem aptos, poderia chegar a mais de R$ 10 bilh\u00f5es por ano, segundo estimativas.\u201c\u00c9 nesse sentido que a Confedera\u00e7\u00e3o Nacional de Munic\u00edpios (CNM) acredita ser oportuno investir na regulariza\u00e7\u00e3o dos fundos e na capta\u00e7\u00e3o de recursos para execu\u00e7\u00e3o de projetos sociais locais, tendo em vista as dificuldades econ\u00f4micas nacionais e loco regionais e a aus\u00eancia de uma estrutura de cofinanciamanto que seja regular e envolva os Entes federados&#8221;, diz o estudo divulgado pela entidade essa semana.<\/p>\n\n\n\n<figure class=\"wp-block-image\"><img fetchpriority=\"high\" decoding=\"async\" width=\"300\" height=\"167\" src=\"http:\/\/www.caririemacao.com\/1\/wp-content\/uploads\/2020\/01\/image.png\" alt=\"\" class=\"wp-image-144464\"\/><\/figure>\n\n\n\n<p>Doa\u00e7\u00e3o legalA dedu\u00e7\u00e3o de at\u00e9 3% da Declara\u00e7\u00e3o de Ajuste Anual do Imposto de Renda para Fundos da Inf\u00e2ncia e Adolesc\u00eancia \u00e9 permitida pelo Estatuto da Crian\u00e7a e do Adolescente (ECA). Ao longo do ano, contribui\u00e7\u00f5es das pessoas f\u00edsicas podem chegar a 6% do imposto devido. E para as empresas, a contribui\u00e7\u00e3o \u00e9 de at\u00e9 1%.Para ter acesso ao repasse da Receita Federal, os fundos municipais e estaduais devem estar em situa\u00e7\u00e3o regular na Secretaria Nacional dos Direitos da Crian\u00e7a e do Adolescente, vinculada ao Minist\u00e9rio da Mulher, da Fam\u00edlia e dos Direitos Humanos. O munic\u00edpio fica impedido de receber o repasse se o fundo estiver com informa\u00e7\u00f5es banc\u00e1rias ausentes, incompletas ou com CNPJ (Cadastro Nacional de Pessoa Jur\u00eddica) em situa\u00e7\u00e3o irregular.<br>Munic\u00edpiosDos 1.669 munic\u00edpios que receberam doa\u00e7\u00f5es para o Fundo em 2019, a maior parte (274) est\u00e1 em S\u00e3o Paulo, seguida por Minas Gerais (235) e Rio Grande do Sul. Paran\u00e1 (197) e Santa Catarina (185) tamb\u00e9m est\u00e3o entre os estados com mais munic\u00edpios aptos (veja tabela).<br>EstadosEm rela\u00e7\u00e3o aos estados que tamb\u00e9m mant\u00eam seus fundos, o levantamento da CNM aponta leve evolu\u00e7\u00e3o em rela\u00e7\u00e3o ao ano anterior (2018), em que 20 governos captaram doa\u00e7\u00f5es dedut\u00edveis do IR. Em 2019, foram 22 estados com doa\u00e7\u00f5es recebidas.Ao todo, cinco unidades da federa\u00e7\u00e3o n\u00e3o receberam doa\u00e7\u00f5es para o Fundo da Crian\u00e7a e do Adolescente no ano passado: Amap\u00e1, Distrito Federal, Para\u00edba, Roraima, Rio de Janeiro e Tocantins. Os dois \u00faltimos, segundo o estudo, ficaram de fora porque n\u00e3o atualizaram seus dados no Minist\u00e9rio da Mulher, da Fam\u00edlia e dos Direitos Humanos.<\/p>\n","protected":false},"excerpt":{"rendered":"<p>Quase 3,9 mil munic\u00edpios brasileiros ainda n\u00e3o institu\u00edram ou est\u00e3o irregulares com o Fundo dos Direitos da Crian\u00e7a e do Adolescente e, por isso, n\u00e3o&hellip; <\/p>\n","protected":false},"author":1,"featured_media":118752,"comment_status":"closed","ping_status":"closed","sticky":false,"template":"","format":"standard","meta":{"sfsi_plus_gutenberg_text_before_share":"","sfsi_plus_gutenberg_show_text_before_share":"","sfsi_plus_gutenberg_icon_type":"","sfsi_plus_gutenberg_icon_alignemt":"","sfsi_plus_gutenburg_max_per_row":"","footnotes":""},"categories":[2],"tags":[],"class_list":["post-144463","post","type-post","status-publish","format-standard","has-post-thumbnail","hentry","category-geral"],"_links":{"self":[{"href":"https:\/\/www.caririemacao.com\/1\/wp-json\/wp\/v2\/posts\/144463","targetHints":{"allow":["GET"]}}],"collection":[{"href":"https:\/\/www.caririemacao.com\/1\/wp-json\/wp\/v2\/posts"}],"about":[{"href":"https:\/\/www.caririemacao.com\/1\/wp-json\/wp\/v2\/types\/post"}],"author":[{"embeddable":true,"href":"https:\/\/www.caririemacao.com\/1\/wp-json\/wp\/v2\/users\/1"}],"replies":[{"embeddable":true,"href":"https:\/\/www.caririemacao.com\/1\/wp-json\/wp\/v2\/comments?post=144463"}],"version-history":[{"count":1,"href":"https:\/\/www.caririemacao.com\/1\/wp-json\/wp\/v2\/posts\/144463\/revisions"}],"predecessor-version":[{"id":144465,"href":"https:\/\/www.caririemacao.com\/1\/wp-json\/wp\/v2\/posts\/144463\/revisions\/144465"}],"wp:featuredmedia":[{"embeddable":true,"href":"https:\/\/www.caririemacao.com\/1\/wp-json\/wp\/v2\/media\/118752"}],"wp:attachment":[{"href":"https:\/\/www.caririemacao.com\/1\/wp-json\/wp\/v2\/media?parent=144463"}],"wp:term":[{"taxonomy":"category","embeddable":true,"href":"https:\/\/www.caririemacao.com\/1\/wp-json\/wp\/v2\/categories?post=144463"},{"taxonomy":"post_tag","embeddable":true,"href":"https:\/\/www.caririemacao.com\/1\/wp-json\/wp\/v2\/tags?post=144463"}],"curies":[{"name":"wp","href":"https:\/\/api.w.org\/{rel}","templated":true}]}}