{"id":144469,"date":"2020-01-04T09:13:25","date_gmt":"2020-01-04T12:13:25","guid":{"rendered":"http:\/\/www.caririemacao.com\/1\/?p=144469"},"modified":"2020-01-04T09:13:25","modified_gmt":"2020-01-04T12:13:25","slug":"meteorologista-preve-mais-chuvas-para-a-paraiba-neste-inicio-de-ano","status":"publish","type":"post","link":"https:\/\/www.caririemacao.com\/1\/2020\/01\/04\/meteorologista-preve-mais-chuvas-para-a-paraiba-neste-inicio-de-ano\/","title":{"rendered":"Meteorologista prev\u00ea mais chuvas para a Para\u00edba neste in\u00edcio de ano"},"content":{"rendered":"\n<p> Em entrevista veiculada pela r\u00e1dio Campina FM, neste s\u00e1bado, 4, a meteorologista da Ag\u00eancia Estadual de Gest\u00e3o das \u00c1guas (Aesa), Marle Bandeira, falou sobre os \u00edndices de chuva aguardados para este in\u00edcio de 2020, na Para\u00edba.<\/p>\n\n\n\n<p>A meteorologista afirmou que o ano j\u00e1 come\u00e7ou com chuvas previstas em v\u00e1rias regi\u00f5es do estado paraibano.<\/p>\n\n\n\n<p>\u2013 Os maiores \u00edndices de chuva ocorreram no sert\u00e3o e alto sert\u00e3o da Para\u00edba. Eram chuvas que estavam previstas, essa ocorr\u00eancia \u00e9 devido ao v\u00f3rtice cicl\u00f4nico \u2013 afirmou.<\/p>\n\n\n\n<p>Segundo an\u00e1lise de especialistas, estima-se que as chuvas seguir\u00e3o ocorrendo.<\/p>\n\n\n\n<p>\u2013 A Aesa realizou uma reuni\u00e3o,e n\u00f3s fizemos uma previs\u00e3o de chuvas dentro da m\u00e9dia, principalmente para o sert\u00e3o, alto sert\u00e3o e curimata\u00fa- explicou<\/p>\n\n\n\n<p>Por fim, a meteorologista ressaltou que mesmo com a \u00edndice de chuvas, a Rainha da Borborema ainda ter\u00e1 altas temperaturas.<\/p>\n\n\n\n<p>\u2013 A temperatura vai ficar alta, pois estamos em pleno ver\u00e3o. Vamos sentir calor, mas dentro da m\u00e9dia, n\u00e3o t\u00e3o quente como foi na primavera- disse.<\/p>\n","protected":false},"excerpt":{"rendered":"<p>Em entrevista veiculada pela r\u00e1dio Campina FM, neste s\u00e1bado, 4, a meteorologista da Ag\u00eancia Estadual de Gest\u00e3o das \u00c1guas (Aesa), Marle Bandeira, falou sobre os&hellip; <\/p>\n","protected":false},"author":1,"featured_media":144185,"comment_status":"closed","ping_status":"closed","sticky":false,"template":"","format":"standard","meta":{"sfsi_plus_gutenberg_text_before_share":"","sfsi_plus_gutenberg_show_text_before_share":"","sfsi_plus_gutenberg_icon_type":"","sfsi_plus_gutenberg_icon_alignemt":"","sfsi_plus_gutenburg_max_per_row":"","footnotes":""},"categories":[2],"tags":[],"class_list":["post-144469","post","type-post","status-publish","format-standard","has-post-thumbnail","hentry","category-geral"],"_links":{"self":[{"href":"https:\/\/www.caririemacao.com\/1\/wp-json\/wp\/v2\/posts\/144469","targetHints":{"allow":["GET"]}}],"collection":[{"href":"https:\/\/www.caririemacao.com\/1\/wp-json\/wp\/v2\/posts"}],"about":[{"href":"https:\/\/www.caririemacao.com\/1\/wp-json\/wp\/v2\/types\/post"}],"author":[{"embeddable":true,"href":"https:\/\/www.caririemacao.com\/1\/wp-json\/wp\/v2\/users\/1"}],"replies":[{"embeddable":true,"href":"https:\/\/www.caririemacao.com\/1\/wp-json\/wp\/v2\/comments?post=144469"}],"version-history":[{"count":1,"href":"https:\/\/www.caririemacao.com\/1\/wp-json\/wp\/v2\/posts\/144469\/revisions"}],"predecessor-version":[{"id":144470,"href":"https:\/\/www.caririemacao.com\/1\/wp-json\/wp\/v2\/posts\/144469\/revisions\/144470"}],"wp:featuredmedia":[{"embeddable":true,"href":"https:\/\/www.caririemacao.com\/1\/wp-json\/wp\/v2\/media\/144185"}],"wp:attachment":[{"href":"https:\/\/www.caririemacao.com\/1\/wp-json\/wp\/v2\/media?parent=144469"}],"wp:term":[{"taxonomy":"category","embeddable":true,"href":"https:\/\/www.caririemacao.com\/1\/wp-json\/wp\/v2\/categories?post=144469"},{"taxonomy":"post_tag","embeddable":true,"href":"https:\/\/www.caririemacao.com\/1\/wp-json\/wp\/v2\/tags?post=144469"}],"curies":[{"name":"wp","href":"https:\/\/api.w.org\/{rel}","templated":true}]}}